{"id":3697,"date":"2026-04-29T16:42:34","date_gmt":"2026-04-29T14:42:34","guid":{"rendered":"https:\/\/www.bettinakletzsch.de\/?p=3697"},"modified":"2026-04-29T16:42:34","modified_gmt":"2026-04-29T14:42:34","slug":"diwo-week","status":"publish","type":"post","link":"https:\/\/www.bettinakletzsch.de\/en\/2026\/04\/29\/diwo-week\/","title":{"rendered":"DIWO Week"},"content":{"rendered":"<p><b>Save the Date: 11.05.\u201316.05.2026 @ <a href=\"https:\/\/altefabrikdresden.de\/\">Alte Fabrik Dresden<\/a><\/b><\/p>\n<p>Die DIWO Werkwoche 2026 ist das einzigartige Workshop-Festival des Metaknoten e.V. unter dem Motto \u201eDo It With Others\u201c. An f\u00fcnf Tagen bietet sie eine bunte Mischung aus Workshops, Vortr\u00e4gen, Diskussionsrunden und multimedialen Abendveranstaltungen. Am sechsten Tag gipfelt das Programm in einer \u00f6ffentlichen Vernissage mit Konzerten und Performances, bei der die entstandenen Arbeiten pr\u00e4sentiert werden. Das multidisziplin\u00e4re Format wird j\u00e4hrlich neu kuratiert und l\u00e4dt internationale, genre\u00fcbergreifend arbeitende K\u00fcnstler*innen, Medienmacher*innen und DIY-Enthusiast*innen ein. Ein besonderer Fokus liegt dabei auf der aktiven Vernetzung mit dem lokalen Publikum, das nicht nur Zuschauer*in, sondern Mitgestalter*in wird.<\/p>\n<h3>Dieses Jahr<\/h3>\n<p>In Zeiten der Hyper-Digitalisierung ger\u00e4t das k\u00f6rperliche und h\u00e4ndische Arbeiten immer weiter in den Hintergrund. Stattdessen dominiert der Algorithmus und die Kreativit\u00e4t wird dem Computer \u00fcberlassen. Die DIWO Werkwoche 2026 setzt dieser \u201eEntmenschlichung\u201c der kreativen Arbeit ein neues Konzept entgegen:<br \/>\n<strong>Die K\u00fcnstlerische Intelligenz als Krone des Schaffens und Wirkens,<\/strong><br \/>\neine kollektive, handwerkliche Praxis anstatt einer Software. Um diese KI im Rahmen der Werkwoche zu entwickeln, orientieren wir uns am klassischen Kunsthandwerk und verbinden die Verarbeitung von Materialien mit digitaler Medienkunst. Nicht um nostalgisch zu sein sondern um zu zeigen wie h\u00e4ndisches K\u00f6nnen im digitalen Zeitalter neu erlebbar wird.<\/p>\n<p><a href=\"https:\/\/www.metaknoten.net\/en\/veranstaltungen\/diwo-week-2026\" target=\"_blank\" rel=\"noopener\"><strong>hier gehts zum Programm!<\/strong><\/a><\/p>\n<p>&nbsp;<\/p>\n","protected":false},"excerpt":{"rendered":"<p>Save the Date: 11.05.\u201316.05.2026 @ Alte Fabrik Dresden Die DIWO Werkwoche 2026 ist das einzigartige Workshop-Festival des Metaknoten e.V. unter dem Motto \u201eDo It With Others\u201c. An f\u00fcnf Tagen bietet sie eine bunte Mischung aus Workshops, Vortr\u00e4gen, Diskussionsrunden und multimedialen Abendveranstaltungen. Am sechsten Tag gipfelt das Programm in einer \u00f6ffentlichen Vernissage mit Konzerten und Performances, <a href=\"https:\/\/www.bettinakletzsch.de\/en\/2026\/04\/29\/diwo-week\/\" class=\"more-link\">&#8230;<span class=\"screen-reader-text\">  DIWO Week<\/span><\/a><\/p>\n","protected":false},"author":3,"featured_media":3698,"comment_status":"closed","ping_status":"open","sticky":false,"template":"","format":"standard","meta":{"h5ap_radio_sources":[],"_jetpack_memberships_contains_paid_content":false,"footnotes":""},"categories":[1,4],"tags":[],"class_list":["post-3697","post","type-post","status-publish","format-standard","has-post-thumbnail","hentry","category-news","category-projekte"],"yoast_head":"<!-- This site is optimized with the Yoast SEO plugin v27.5 - https:\/\/yoast.com\/product\/yoast-seo-wordpress\/ -->\n<title>DIWO Week<\/title>\n<meta name=\"description\" content=\"Bettina Kletzsch -\" \/>\n<meta name=\"robots\" content=\"index, follow, max-snippet:-1, max-image-preview:large, max-video-preview:-1\" \/>\n<link rel=\"canonical\" href=\"https:\/\/www.bettinakletzsch.de\/en\/2026\/04\/29\/diwo-week\/\" \/>\n<meta property=\"og:locale\" content=\"en_US\" \/>\n<meta property=\"og:locale:alternate\" content=\"de_DE\" \/>\n<meta property=\"og:type\" content=\"article\" \/>\n<meta property=\"og:title\" content=\"DIWO Week\" \/>\n<meta property=\"og:description\" content=\"Bettina Kletzsch -\" \/>\n<meta property=\"og:url\" content=\"https:\/\/www.bettinakletzsch.de\/en\/2026\/04\/29\/diwo-week\/\" \/>\n<meta property=\"og:site_name\" content=\"Bettina Kletzsch\" \/>\n<meta property=\"article:published_time\" content=\"2026-04-29T14:42:34+00:00\" \/>\n<meta name=\"author\" content=\"Bettina Kletzsch\" \/>\n<meta name=\"twitter:card\" content=\"summary_large_image\" \/>\n<meta name=\"twitter:label1\" content=\"Written by\" \/>\n\t<meta name=\"twitter:data1\" content=\"Bettina Kletzsch\" \/>\n\t<meta name=\"twitter:label2\" content=\"Est. reading time\" \/>\n\t<meta name=\"twitter:data2\" content=\"1 minute\" \/>\n<script type=\"application\/ld+json\" class=\"yoast-schema-graph\">{\"@context\":\"https:\\\/\\\/schema.org\",\"@graph\":[{\"@type\":\"Article\",\"@id\":\"https:\\\/\\\/www.bettinakletzsch.de\\\/2026\\\/04\\\/29\\\/diwo-week\\\/#article\",\"isPartOf\":{\"@id\":\"https:\\\/\\\/www.bettinakletzsch.de\\\/2026\\\/04\\\/29\\\/diwo-week\\\/\"},\"author\":{\"name\":\"Bettina Kletzsch\",\"@id\":\"https:\\\/\\\/www.bettinakletzsch.de\\\/en\\\/#\\\/schema\\\/person\\\/af10bb2613a2a417ba43501dd0db767e\"},\"headline\":\"DIWO Week\",\"datePublished\":\"2026-04-29T14:42:34+00:00\",\"mainEntityOfPage\":{\"@id\":\"https:\\\/\\\/www.bettinakletzsch.de\\\/2026\\\/04\\\/29\\\/diwo-week\\\/\"},\"wordCount\":225,\"publisher\":{\"@id\":\"https:\\\/\\\/www.bettinakletzsch.de\\\/en\\\/#\\\/schema\\\/person\\\/af10bb2613a2a417ba43501dd0db767e\"},\"image\":{\"@id\":\"https:\\\/\\\/www.bettinakletzsch.de\\\/2026\\\/04\\\/29\\\/diwo-week\\\/#primaryimage\"},\"thumbnailUrl\":\"https:\\\/\\\/i0.wp.com\\\/www.bettinakletzsch.de\\\/wordpress\\\/wp-content\\\/uploads\\\/2026\\\/04\\\/Bildschirmfoto-2026-04-29-um-16.41.46.png?fit=502%2C386&ssl=1\",\"articleSection\":[\"News\",\"Projects\"],\"inLanguage\":\"en-US\"},{\"@type\":\"WebPage\",\"@id\":\"https:\\\/\\\/www.bettinakletzsch.de\\\/2026\\\/04\\\/29\\\/diwo-week\\\/\",\"url\":\"https:\\\/\\\/www.bettinakletzsch.de\\\/2026\\\/04\\\/29\\\/diwo-week\\\/\",\"name\":\"DIWO Week\",\"isPartOf\":{\"@id\":\"https:\\\/\\\/www.bettinakletzsch.de\\\/en\\\/#website\"},\"primaryImageOfPage\":{\"@id\":\"https:\\\/\\\/www.bettinakletzsch.de\\\/2026\\\/04\\\/29\\\/diwo-week\\\/#primaryimage\"},\"image\":{\"@id\":\"https:\\\/\\\/www.bettinakletzsch.de\\\/2026\\\/04\\\/29\\\/diwo-week\\\/#primaryimage\"},\"thumbnailUrl\":\"https:\\\/\\\/i0.wp.com\\\/www.bettinakletzsch.de\\\/wordpress\\\/wp-content\\\/uploads\\\/2026\\\/04\\\/Bildschirmfoto-2026-04-29-um-16.41.46.png?fit=502%2C386&ssl=1\",\"datePublished\":\"2026-04-29T14:42:34+00:00\",\"description\":\"Bettina Kletzsch -\",\"breadcrumb\":{\"@id\":\"https:\\\/\\\/www.bettinakletzsch.de\\\/2026\\\/04\\\/29\\\/diwo-week\\\/#breadcrumb\"},\"inLanguage\":\"en-US\",\"potentialAction\":[{\"@type\":\"ReadAction\",\"target\":[\"https:\\\/\\\/www.bettinakletzsch.de\\\/2026\\\/04\\\/29\\\/diwo-week\\\/\"]}]},{\"@type\":\"ImageObject\",\"inLanguage\":\"en-US\",\"@id\":\"https:\\\/\\\/www.bettinakletzsch.de\\\/2026\\\/04\\\/29\\\/diwo-week\\\/#primaryimage\",\"url\":\"https:\\\/\\\/i0.wp.com\\\/www.bettinakletzsch.de\\\/wordpress\\\/wp-content\\\/uploads\\\/2026\\\/04\\\/Bildschirmfoto-2026-04-29-um-16.41.46.png?fit=502%2C386&ssl=1\",\"contentUrl\":\"https:\\\/\\\/i0.wp.com\\\/www.bettinakletzsch.de\\\/wordpress\\\/wp-content\\\/uploads\\\/2026\\\/04\\\/Bildschirmfoto-2026-04-29-um-16.41.46.png?fit=502%2C386&ssl=1\",\"width\":502,\"height\":386},{\"@type\":\"BreadcrumbList\",\"@id\":\"https:\\\/\\\/www.bettinakletzsch.de\\\/2026\\\/04\\\/29\\\/diwo-week\\\/#breadcrumb\",\"itemListElement\":[{\"@type\":\"ListItem\",\"position\":1,\"name\":\"Startseite\",\"item\":\"https:\\\/\\\/www.bettinakletzsch.de\\\/\"},{\"@type\":\"ListItem\",\"position\":2,\"name\":\"DIWO Week\"}]},{\"@type\":\"WebSite\",\"@id\":\"https:\\\/\\\/www.bettinakletzsch.de\\\/en\\\/#website\",\"url\":\"https:\\\/\\\/www.bettinakletzsch.de\\\/en\\\/\",\"name\":\"Bettina Kletzsch\",\"description\":\"Mixed Mode\",\"publisher\":{\"@id\":\"https:\\\/\\\/www.bettinakletzsch.de\\\/en\\\/#\\\/schema\\\/person\\\/af10bb2613a2a417ba43501dd0db767e\"},\"potentialAction\":[{\"@type\":\"SearchAction\",\"target\":{\"@type\":\"EntryPoint\",\"urlTemplate\":\"https:\\\/\\\/www.bettinakletzsch.de\\\/en\\\/?s={search_term_string}\"},\"query-input\":{\"@type\":\"PropertyValueSpecification\",\"valueRequired\":true,\"valueName\":\"search_term_string\"}}],\"inLanguage\":\"en-US\"},{\"@type\":[\"Person\",\"Organization\"],\"@id\":\"https:\\\/\\\/www.bettinakletzsch.de\\\/en\\\/#\\\/schema\\\/person\\\/af10bb2613a2a417ba43501dd0db767e\",\"name\":\"Bettina Kletzsch\",\"image\":{\"@type\":\"ImageObject\",\"inLanguage\":\"en-US\",\"@id\":\"https:\\\/\\\/i2.wp.com\\\/www.bettinakletzsch.de\\\/wordpress\\\/wp-content\\\/uploads\\\/2020\\\/04\\\/Konfektionshaus_Regenbogen_reduziert_gedreht-1.jpg?fit=827%2C827&ssl=1\",\"url\":\"https:\\\/\\\/i2.wp.com\\\/www.bettinakletzsch.de\\\/wordpress\\\/wp-content\\\/uploads\\\/2020\\\/04\\\/Konfektionshaus_Regenbogen_reduziert_gedreht-1.jpg?fit=827%2C827&ssl=1\",\"contentUrl\":\"https:\\\/\\\/i2.wp.com\\\/www.bettinakletzsch.de\\\/wordpress\\\/wp-content\\\/uploads\\\/2020\\\/04\\\/Konfektionshaus_Regenbogen_reduziert_gedreht-1.jpg?fit=827%2C827&ssl=1\",\"width\":827,\"height\":827,\"caption\":\"Bettina Kletzsch\"},\"logo\":{\"@id\":\"https:\\\/\\\/i2.wp.com\\\/www.bettinakletzsch.de\\\/wordpress\\\/wp-content\\\/uploads\\\/2020\\\/04\\\/Konfektionshaus_Regenbogen_reduziert_gedreht-1.jpg?fit=827%2C827&ssl=1\"}}]}<\/script>\n<!-- \/ Yoast SEO plugin. -->","yoast_head_json":{"title":"DIWO Week","description":"Bettina Kletzsch -","robots":{"index":"index","follow":"follow","max-snippet":"max-snippet:-1","max-image-preview":"max-image-preview:large","max-video-preview":"max-video-preview:-1"},"canonical":"https:\/\/www.bettinakletzsch.de\/en\/2026\/04\/29\/diwo-week\/","og_locale":"en_US","og_type":"article","og_title":"[:de]DIWO Week[:] - Bettina Kletzsch","og_description":"Bettina Kletzsch -","og_url":"https:\/\/www.bettinakletzsch.de\/en\/2026\/04\/29\/diwo-week\/","og_site_name":"Bettina Kletzsch","article_published_time":"2026-04-29T14:42:34+00:00","author":"Bettina Kletzsch","twitter_card":"summary_large_image","twitter_misc":{"Written by":"Bettina Kletzsch","Est. reading time":"1 minute"},"schema":{"@context":"https:\/\/schema.org","@graph":[{"@type":"Article","@id":"https:\/\/www.bettinakletzsch.de\/2026\/04\/29\/diwo-week\/#article","isPartOf":{"@id":"https:\/\/www.bettinakletzsch.de\/2026\/04\/29\/diwo-week\/"},"author":{"name":"Bettina Kletzsch","@id":"https:\/\/www.bettinakletzsch.de\/en\/#\/schema\/person\/af10bb2613a2a417ba43501dd0db767e"},"headline":"DIWO Week","datePublished":"2026-04-29T14:42:34+00:00","mainEntityOfPage":{"@id":"https:\/\/www.bettinakletzsch.de\/2026\/04\/29\/diwo-week\/"},"wordCount":225,"publisher":{"@id":"https:\/\/www.bettinakletzsch.de\/en\/#\/schema\/person\/af10bb2613a2a417ba43501dd0db767e"},"image":{"@id":"https:\/\/www.bettinakletzsch.de\/2026\/04\/29\/diwo-week\/#primaryimage"},"thumbnailUrl":"https:\/\/i0.wp.com\/www.bettinakletzsch.de\/wordpress\/wp-content\/uploads\/2026\/04\/Bildschirmfoto-2026-04-29-um-16.41.46.png?fit=502%2C386&ssl=1","articleSection":["News","Projects"],"inLanguage":"en-US"},{"@type":"WebPage","@id":"https:\/\/www.bettinakletzsch.de\/2026\/04\/29\/diwo-week\/","url":"https:\/\/www.bettinakletzsch.de\/2026\/04\/29\/diwo-week\/","name":"DIWO Week","isPartOf":{"@id":"https:\/\/www.bettinakletzsch.de\/en\/#website"},"primaryImageOfPage":{"@id":"https:\/\/www.bettinakletzsch.de\/2026\/04\/29\/diwo-week\/#primaryimage"},"image":{"@id":"https:\/\/www.bettinakletzsch.de\/2026\/04\/29\/diwo-week\/#primaryimage"},"thumbnailUrl":"https:\/\/i0.wp.com\/www.bettinakletzsch.de\/wordpress\/wp-content\/uploads\/2026\/04\/Bildschirmfoto-2026-04-29-um-16.41.46.png?fit=502%2C386&ssl=1","datePublished":"2026-04-29T14:42:34+00:00","description":"Bettina Kletzsch -","breadcrumb":{"@id":"https:\/\/www.bettinakletzsch.de\/2026\/04\/29\/diwo-week\/#breadcrumb"},"inLanguage":"en-US","potentialAction":[{"@type":"ReadAction","target":["https:\/\/www.bettinakletzsch.de\/2026\/04\/29\/diwo-week\/"]}]},{"@type":"ImageObject","inLanguage":"en-US","@id":"https:\/\/www.bettinakletzsch.de\/2026\/04\/29\/diwo-week\/#primaryimage","url":"https:\/\/i0.wp.com\/www.bettinakletzsch.de\/wordpress\/wp-content\/uploads\/2026\/04\/Bildschirmfoto-2026-04-29-um-16.41.46.png?fit=502%2C386&ssl=1","contentUrl":"https:\/\/i0.wp.com\/www.bettinakletzsch.de\/wordpress\/wp-content\/uploads\/2026\/04\/Bildschirmfoto-2026-04-29-um-16.41.46.png?fit=502%2C386&ssl=1","width":502,"height":386},{"@type":"BreadcrumbList","@id":"https:\/\/www.bettinakletzsch.de\/2026\/04\/29\/diwo-week\/#breadcrumb","itemListElement":[{"@type":"ListItem","position":1,"name":"Startseite","item":"https:\/\/www.bettinakletzsch.de\/"},{"@type":"ListItem","position":2,"name":"DIWO Week"}]},{"@type":"WebSite","@id":"https:\/\/www.bettinakletzsch.de\/en\/#website","url":"https:\/\/www.bettinakletzsch.de\/en\/","name":"Bettina Kletzsch","description":"Mixed Mode","publisher":{"@id":"https:\/\/www.bettinakletzsch.de\/en\/#\/schema\/person\/af10bb2613a2a417ba43501dd0db767e"},"potentialAction":[{"@type":"SearchAction","target":{"@type":"EntryPoint","urlTemplate":"https:\/\/www.bettinakletzsch.de\/en\/?s={search_term_string}"},"query-input":{"@type":"PropertyValueSpecification","valueRequired":true,"valueName":"search_term_string"}}],"inLanguage":"en-US"},{"@type":["Person","Organization"],"@id":"https:\/\/www.bettinakletzsch.de\/en\/#\/schema\/person\/af10bb2613a2a417ba43501dd0db767e","name":"Bettina Kletzsch","image":{"@type":"ImageObject","inLanguage":"en-US","@id":"https:\/\/i2.wp.com\/www.bettinakletzsch.de\/wordpress\/wp-content\/uploads\/2020\/04\/Konfektionshaus_Regenbogen_reduziert_gedreht-1.jpg?fit=827%2C827&ssl=1","url":"https:\/\/i2.wp.com\/www.bettinakletzsch.de\/wordpress\/wp-content\/uploads\/2020\/04\/Konfektionshaus_Regenbogen_reduziert_gedreht-1.jpg?fit=827%2C827&ssl=1","contentUrl":"https:\/\/i2.wp.com\/www.bettinakletzsch.de\/wordpress\/wp-content\/uploads\/2020\/04\/Konfektionshaus_Regenbogen_reduziert_gedreht-1.jpg?fit=827%2C827&ssl=1","width":827,"height":827,"caption":"Bettina Kletzsch"},"logo":{"@id":"https:\/\/i2.wp.com\/www.bettinakletzsch.de\/wordpress\/wp-content\/uploads\/2020\/04\/Konfektionshaus_Regenbogen_reduziert_gedreht-1.jpg?fit=827%2C827&ssl=1"}}]}},"jetpack_featured_media_url":"https:\/\/i0.wp.com\/www.bettinakletzsch.de\/wordpress\/wp-content\/uploads\/2026\/04\/Bildschirmfoto-2026-04-29-um-16.41.46.png?fit=502%2C386&ssl=1","jetpack_sharing_enabled":true,"_links":{"self":[{"href":"https:\/\/www.bettinakletzsch.de\/en\/wp-json\/wp\/v2\/posts\/3697","targetHints":{"allow":["GET"]}}],"collection":[{"href":"https:\/\/www.bettinakletzsch.de\/en\/wp-json\/wp\/v2\/posts"}],"about":[{"href":"https:\/\/www.bettinakletzsch.de\/en\/wp-json\/wp\/v2\/types\/post"}],"author":[{"embeddable":true,"href":"https:\/\/www.bettinakletzsch.de\/en\/wp-json\/wp\/v2\/users\/3"}],"replies":[{"embeddable":true,"href":"https:\/\/www.bettinakletzsch.de\/en\/wp-json\/wp\/v2\/comments?post=3697"}],"version-history":[{"count":1,"href":"https:\/\/www.bettinakletzsch.de\/en\/wp-json\/wp\/v2\/posts\/3697\/revisions"}],"predecessor-version":[{"id":3699,"href":"https:\/\/www.bettinakletzsch.de\/en\/wp-json\/wp\/v2\/posts\/3697\/revisions\/3699"}],"wp:featuredmedia":[{"embeddable":true,"href":"https:\/\/www.bettinakletzsch.de\/en\/wp-json\/wp\/v2\/media\/3698"}],"wp:attachment":[{"href":"https:\/\/www.bettinakletzsch.de\/en\/wp-json\/wp\/v2\/media?parent=3697"}],"wp:term":[{"taxonomy":"category","embeddable":true,"href":"https:\/\/www.bettinakletzsch.de\/en\/wp-json\/wp\/v2\/categories?post=3697"},{"taxonomy":"post_tag","embeddable":true,"href":"https:\/\/www.bettinakletzsch.de\/en\/wp-json\/wp\/v2\/tags?post=3697"}],"curies":[{"name":"wp","href":"https:\/\/api.w.org\/{rel}","templated":true}]}}