{"id":3653,"date":"2026-03-06T11:08:30","date_gmt":"2026-03-06T10:08:30","guid":{"rendered":"https:\/\/www.bettinakletzsch.de\/?p=3653"},"modified":"2026-04-13T14:50:08","modified_gmt":"2026-04-13T12:50:08","slug":"kuenstermesse-17-18-19-4-2026-dresden","status":"publish","type":"post","link":"https:\/\/www.bettinakletzsch.de\/en\/2026\/03\/06\/kuenstermesse-17-18-19-4-2026-dresden\/","title":{"rendered":"K\u00fcnstermesse 17\/18\/19.4.2026 Dresden"},"content":{"rendered":"<p>Gemeinsam stellen Andrea Gr\u00fctzner, Karen Weinert und Bettina Kletzsch auf der Dresdner K\u00fcnstlermesse aus. Stand Nummer 30, Galerieraum Bautzner 69!<\/p>\n<p>-> <a class=\"moz-txt-link-freetext\" href=\"https:\/\/kuenstlermesse-dresden.de\/\">https:\/\/kuenstlermesse-dresden.de\/<\/a><br \/>\n-> <a class=\"moz-txt-link-freetext\" href=\"https:\/\/publishandprint.de\/\">https:\/\/publishandprint.de\/<\/a><br \/>\n-> <a class=\"moz-txt-link-freetext\" href=\"https:\/\/k-weinert.de\/\">https:\/\/k-weinert.de\/<\/a><br \/>\n-> <a class=\"moz-txt-link-freetext\" href=\"https:\/\/andreagruetzner.de\/\">https:\/\/andreagruetzner.de\/<\/a><br \/>\n-> <a class=\"moz-txt-link-freetext\" href=\"https:\/\/www.bettinakletzsch.de\">https:\/\/www.bettinakletzsch.de<\/a><\/p>\n<p class=\"text-build-content\"><b>Am vorletzten April-Wochenende \u00f6ffnet die <a href=\"https:\/\/kuenstlermesse-dresden.de\/\" target=\"_blank\" rel=\"noopener\">K\u00dcNSTLERMESSE DRESDEN<\/a> zum zehnten Mal<\/b><b>\u00a0<\/b><b>ihre T\u00fcren im Deutschen Hygiene-Museum.<\/b><\/p>\n<p class=\"text-build-content\">Um die 100 K\u00fcnstlerinnen und K\u00fcnstler &#8211; darunter sowohl einzelne Positionen wie auch K\u00fcnstlergruppen, Produzentengalerien und Studierende der Hochschule f\u00fcr Bildende K\u00fcnste Dresden &#8211; pr\u00e4sentieren ihre aktuellen Arbeiten und machen das Haus f\u00fcr drei Tage zu einem lebendigen Treffpunkt f\u00fcr Kunstinteressierte, Sammler:innen, Galerist:innen und Neugierige.<\/p>\n<p><a class=\"link-build-content\" href=\"https:\/\/kuenstlermesse-dresden.de\/die-ausstellenden-der-10-kmdd\/\" target=\"_blank\" rel=\"noopener\"><b><u>Hier\u00a0<\/u><\/b><b><u>geht es zu den Teilnehmenden.<\/u><\/b><\/a><\/p>\n<h2 class=\"widget-title\">Wann und wo?<\/h2>\n<div class=\"textwidget\">\n<p>Die <strong>10. K\u00dcNSTLERMESSE DRESDEN<\/strong> findet statt<br \/>\nvom<strong> 17. \u2013 19.4.2026<\/strong><\/p>\n<p><strong>Deutschen Hygiene-Museum in Dresden<br \/>\n<\/strong><span class=\"s1\">Lingnerplatz 1<br \/>\n01069 Dresden<\/span><\/p>\n<h2 class=\"widget-title\">\u00d6ffnungszeiten &#038; Preise<\/h2>\n<div class=\"textwidget\">\n<p><strong>Die 10. K\u00dcNSTLERMESSE DRESDEN \u00f6ffnet am:<\/strong><\/p>\n<p><span data-contrast=\"none\">Freitag,\u00a0 <strong>17<\/strong><\/span><strong>.4.2026,\u00a0 \u00a019\u2013 22 Uhr <\/strong><span data-ccp-props=\"{\"><br \/>\n<\/span><span data-contrast=\"none\">Samstag, <\/span> <strong>18.4.2026,\u00a0 \u00a011 \u2013 20 Uhr <\/strong><span data-ccp-props=\"{\"><br \/>\n<\/span><span data-contrast=\"none\">Sonntag, <\/span> <strong>19.4.2026,\u00a0 \u00a0 11 \u2013 18 Uhr<\/strong><\/p>\n<p><strong>Eintrittspreise:<\/strong><\/p>\n<p>regul\u00e4r:\u00a0 \u00a0 <strong>10 Euro<br \/>\n<\/strong>erm\u00e4\u00dfigt*:\u00a0 <strong>6 Euro<br \/>\n<\/strong>Familienticket**<strong>:\u00a025,00 \u20ac<br \/>\n<\/strong><em>*(Kinder\/Jugendliche bis 16 Jahre, Bezieher:innen von B\u00fcrgergeld oder Wohngeld, Inhaber:innen des Dresden-Pass, Sch\u00fcler:innen und Studierende, Rentner:innen, Mitglieder des K\u00fcnstlerbund Dresden e.V.)<br \/>\n**<\/em><em>Das Familienticket ist g\u00fcltig f\u00fcr 2 Erwachsene und Kinder\/Jugendliche unter 16 Jahren, die alle aus dem gleichen Haushalt kommen.<\/em><\/p>\n<\/div>\n<\/div>\n<p>&nbsp;<\/p>\n<p>&nbsp;<\/p>\n","protected":false},"excerpt":{"rendered":"<p>Gemeinsam stellen Andrea Gr\u00fctzner, Karen Weinert und Bettina Kletzsch auf der Dresdner K\u00fcnstlermesse aus. Stand Nummer 30, Galerieraum Bautzner 69! -> https:\/\/kuenstlermesse-dresden.de\/ -> https:\/\/publishandprint.de\/ -> https:\/\/k-weinert.de\/ -> https:\/\/andreagruetzner.de\/ -> https:\/\/www.bettinakletzsch.de Am vorletzten April-Wochenende \u00f6ffnet die K\u00dcNSTLERMESSE DRESDEN zum zehnten Mal\u00a0ihre T\u00fcren im Deutschen Hygiene-Museum. Um die 100 K\u00fcnstlerinnen und K\u00fcnstler &#8211; darunter sowohl einzelne Positionen <a href=\"https:\/\/www.bettinakletzsch.de\/en\/2026\/03\/06\/kuenstermesse-17-18-19-4-2026-dresden\/\" class=\"more-link\">&#8230;<span class=\"screen-reader-text\">  K\u00fcnstermesse 17\/18\/19.4.2026 Dresden<\/span><\/a><\/p>\n","protected":false},"author":3,"featured_media":3660,"comment_status":"closed","ping_status":"open","sticky":false,"template":"","format":"standard","meta":{"h5ap_radio_sources":[],"_jetpack_memberships_contains_paid_content":false,"footnotes":""},"categories":[1,4],"tags":[8],"class_list":["post-3653","post","type-post","status-publish","format-standard","has-post-thumbnail","hentry","category-news","category-projekte","tag-ausstellung"],"yoast_head":"<!-- This site is optimized with the Yoast SEO plugin v27.5 - https:\/\/yoast.com\/product\/yoast-seo-wordpress\/ -->\n<title>K\u00fcnstermesse 17\/18\/19.4.2026 Dresden<\/title>\n<meta name=\"description\" content=\"Bettina Kletzsch -\" \/>\n<meta name=\"robots\" content=\"index, follow, max-snippet:-1, max-image-preview:large, max-video-preview:-1\" \/>\n<link rel=\"canonical\" href=\"https:\/\/www.bettinakletzsch.de\/en\/2026\/03\/06\/kuenstermesse-17-18-19-4-2026-dresden\/\" \/>\n<meta property=\"og:locale\" content=\"en_US\" \/>\n<meta property=\"og:locale:alternate\" content=\"de_DE\" \/>\n<meta property=\"og:type\" content=\"article\" \/>\n<meta property=\"og:title\" content=\"K\u00fcnstermesse 17\/18\/19.4.2026 Dresden\" \/>\n<meta property=\"og:description\" content=\"Bettina Kletzsch -\" \/>\n<meta property=\"og:url\" content=\"https:\/\/www.bettinakletzsch.de\/en\/2026\/03\/06\/kuenstermesse-17-18-19-4-2026-dresden\/\" \/>\n<meta property=\"og:site_name\" content=\"Bettina Kletzsch\" \/>\n<meta property=\"article:published_time\" content=\"2026-03-06T10:08:30+00:00\" \/>\n<meta property=\"article:modified_time\" content=\"2026-04-13T12:50:08+00:00\" \/>\n<meta property=\"og:image\" content=\"https:\/\/www.bettinakletzsch.de\/wordpress\/wp-content\/uploads\/2026\/03\/Bildschirmfoto-2026-03-06-um-11.04.22.png\" \/>\n\t<meta property=\"og:image:width\" content=\"312\" \/>\n\t<meta property=\"og:image:height\" content=\"300\" \/>\n\t<meta property=\"og:image:type\" content=\"image\/png\" \/>\n<meta name=\"author\" content=\"Bettina Kletzsch\" \/>\n<meta name=\"twitter:card\" content=\"summary_large_image\" \/>\n<meta name=\"twitter:label1\" content=\"Written by\" \/>\n\t<meta name=\"twitter:data1\" content=\"Bettina Kletzsch\" \/>\n\t<meta name=\"twitter:label2\" content=\"Est. reading time\" \/>\n\t<meta name=\"twitter:data2\" content=\"1 minute\" \/>\n<script type=\"application\/ld+json\" class=\"yoast-schema-graph\">{\"@context\":\"https:\\\/\\\/schema.org\",\"@graph\":[{\"@type\":\"Article\",\"@id\":\"https:\\\/\\\/www.bettinakletzsch.de\\\/2026\\\/03\\\/06\\\/kuenstermesse-17-18-19-4-2026-dresden\\\/#article\",\"isPartOf\":{\"@id\":\"https:\\\/\\\/www.bettinakletzsch.de\\\/2026\\\/03\\\/06\\\/kuenstermesse-17-18-19-4-2026-dresden\\\/\"},\"author\":{\"name\":\"Bettina Kletzsch\",\"@id\":\"https:\\\/\\\/www.bettinakletzsch.de\\\/en\\\/#\\\/schema\\\/person\\\/af10bb2613a2a417ba43501dd0db767e\"},\"headline\":\"K\u00fcnstermesse 17\\\/18\\\/19.4.2026 Dresden\",\"datePublished\":\"2026-03-06T10:08:30+00:00\",\"dateModified\":\"2026-04-13T12:50:08+00:00\",\"mainEntityOfPage\":{\"@id\":\"https:\\\/\\\/www.bettinakletzsch.de\\\/2026\\\/03\\\/06\\\/kuenstermesse-17-18-19-4-2026-dresden\\\/\"},\"wordCount\":218,\"publisher\":{\"@id\":\"https:\\\/\\\/www.bettinakletzsch.de\\\/en\\\/#\\\/schema\\\/person\\\/af10bb2613a2a417ba43501dd0db767e\"},\"image\":{\"@id\":\"https:\\\/\\\/www.bettinakletzsch.de\\\/2026\\\/03\\\/06\\\/kuenstermesse-17-18-19-4-2026-dresden\\\/#primaryimage\"},\"thumbnailUrl\":\"https:\\\/\\\/i0.wp.com\\\/www.bettinakletzsch.de\\\/wordpress\\\/wp-content\\\/uploads\\\/2026\\\/03\\\/Bildschirmfoto-2026-03-06-um-11.04.22.png?fit=312%2C300&ssl=1\",\"keywords\":[\"Exhibition\"],\"articleSection\":[\"News\",\"Projects\"],\"inLanguage\":\"en-US\"},{\"@type\":\"WebPage\",\"@id\":\"https:\\\/\\\/www.bettinakletzsch.de\\\/2026\\\/03\\\/06\\\/kuenstermesse-17-18-19-4-2026-dresden\\\/\",\"url\":\"https:\\\/\\\/www.bettinakletzsch.de\\\/2026\\\/03\\\/06\\\/kuenstermesse-17-18-19-4-2026-dresden\\\/\",\"name\":\"K\u00fcnstermesse 17\\\/18\\\/19.4.2026 Dresden\",\"isPartOf\":{\"@id\":\"https:\\\/\\\/www.bettinakletzsch.de\\\/en\\\/#website\"},\"primaryImageOfPage\":{\"@id\":\"https:\\\/\\\/www.bettinakletzsch.de\\\/2026\\\/03\\\/06\\\/kuenstermesse-17-18-19-4-2026-dresden\\\/#primaryimage\"},\"image\":{\"@id\":\"https:\\\/\\\/www.bettinakletzsch.de\\\/2026\\\/03\\\/06\\\/kuenstermesse-17-18-19-4-2026-dresden\\\/#primaryimage\"},\"thumbnailUrl\":\"https:\\\/\\\/i0.wp.com\\\/www.bettinakletzsch.de\\\/wordpress\\\/wp-content\\\/uploads\\\/2026\\\/03\\\/Bildschirmfoto-2026-03-06-um-11.04.22.png?fit=312%2C300&ssl=1\",\"datePublished\":\"2026-03-06T10:08:30+00:00\",\"dateModified\":\"2026-04-13T12:50:08+00:00\",\"description\":\"Bettina Kletzsch -\",\"breadcrumb\":{\"@id\":\"https:\\\/\\\/www.bettinakletzsch.de\\\/2026\\\/03\\\/06\\\/kuenstermesse-17-18-19-4-2026-dresden\\\/#breadcrumb\"},\"inLanguage\":\"en-US\",\"potentialAction\":[{\"@type\":\"ReadAction\",\"target\":[\"https:\\\/\\\/www.bettinakletzsch.de\\\/2026\\\/03\\\/06\\\/kuenstermesse-17-18-19-4-2026-dresden\\\/\"]}]},{\"@type\":\"ImageObject\",\"inLanguage\":\"en-US\",\"@id\":\"https:\\\/\\\/www.bettinakletzsch.de\\\/2026\\\/03\\\/06\\\/kuenstermesse-17-18-19-4-2026-dresden\\\/#primaryimage\",\"url\":\"https:\\\/\\\/i0.wp.com\\\/www.bettinakletzsch.de\\\/wordpress\\\/wp-content\\\/uploads\\\/2026\\\/03\\\/Bildschirmfoto-2026-03-06-um-11.04.22.png?fit=312%2C300&ssl=1\",\"contentUrl\":\"https:\\\/\\\/i0.wp.com\\\/www.bettinakletzsch.de\\\/wordpress\\\/wp-content\\\/uploads\\\/2026\\\/03\\\/Bildschirmfoto-2026-03-06-um-11.04.22.png?fit=312%2C300&ssl=1\",\"width\":312,\"height\":300},{\"@type\":\"BreadcrumbList\",\"@id\":\"https:\\\/\\\/www.bettinakletzsch.de\\\/2026\\\/03\\\/06\\\/kuenstermesse-17-18-19-4-2026-dresden\\\/#breadcrumb\",\"itemListElement\":[{\"@type\":\"ListItem\",\"position\":1,\"name\":\"Startseite\",\"item\":\"https:\\\/\\\/www.bettinakletzsch.de\\\/\"},{\"@type\":\"ListItem\",\"position\":2,\"name\":\"K\u00fcnstermesse 17\\\/18\\\/19.4.2026 Dresden\"}]},{\"@type\":\"WebSite\",\"@id\":\"https:\\\/\\\/www.bettinakletzsch.de\\\/en\\\/#website\",\"url\":\"https:\\\/\\\/www.bettinakletzsch.de\\\/en\\\/\",\"name\":\"Bettina Kletzsch\",\"description\":\"Mixed Mode\",\"publisher\":{\"@id\":\"https:\\\/\\\/www.bettinakletzsch.de\\\/en\\\/#\\\/schema\\\/person\\\/af10bb2613a2a417ba43501dd0db767e\"},\"potentialAction\":[{\"@type\":\"SearchAction\",\"target\":{\"@type\":\"EntryPoint\",\"urlTemplate\":\"https:\\\/\\\/www.bettinakletzsch.de\\\/en\\\/?s={search_term_string}\"},\"query-input\":{\"@type\":\"PropertyValueSpecification\",\"valueRequired\":true,\"valueName\":\"search_term_string\"}}],\"inLanguage\":\"en-US\"},{\"@type\":[\"Person\",\"Organization\"],\"@id\":\"https:\\\/\\\/www.bettinakletzsch.de\\\/en\\\/#\\\/schema\\\/person\\\/af10bb2613a2a417ba43501dd0db767e\",\"name\":\"Bettina Kletzsch\",\"image\":{\"@type\":\"ImageObject\",\"inLanguage\":\"en-US\",\"@id\":\"https:\\\/\\\/i2.wp.com\\\/www.bettinakletzsch.de\\\/wordpress\\\/wp-content\\\/uploads\\\/2020\\\/04\\\/Konfektionshaus_Regenbogen_reduziert_gedreht-1.jpg?fit=827%2C827&ssl=1\",\"url\":\"https:\\\/\\\/i2.wp.com\\\/www.bettinakletzsch.de\\\/wordpress\\\/wp-content\\\/uploads\\\/2020\\\/04\\\/Konfektionshaus_Regenbogen_reduziert_gedreht-1.jpg?fit=827%2C827&ssl=1\",\"contentUrl\":\"https:\\\/\\\/i2.wp.com\\\/www.bettinakletzsch.de\\\/wordpress\\\/wp-content\\\/uploads\\\/2020\\\/04\\\/Konfektionshaus_Regenbogen_reduziert_gedreht-1.jpg?fit=827%2C827&ssl=1\",\"width\":827,\"height\":827,\"caption\":\"Bettina Kletzsch\"},\"logo\":{\"@id\":\"https:\\\/\\\/i2.wp.com\\\/www.bettinakletzsch.de\\\/wordpress\\\/wp-content\\\/uploads\\\/2020\\\/04\\\/Konfektionshaus_Regenbogen_reduziert_gedreht-1.jpg?fit=827%2C827&ssl=1\"}}]}<\/script>\n<!-- \/ Yoast SEO plugin. -->","yoast_head_json":{"title":"K\u00fcnstermesse 17\/18\/19.4.2026 Dresden","description":"Bettina Kletzsch -","robots":{"index":"index","follow":"follow","max-snippet":"max-snippet:-1","max-image-preview":"max-image-preview:large","max-video-preview":"max-video-preview:-1"},"canonical":"https:\/\/www.bettinakletzsch.de\/en\/2026\/03\/06\/kuenstermesse-17-18-19-4-2026-dresden\/","og_locale":"en_US","og_type":"article","og_title":"[:de]K\u00fcnstermesse 17\/18\/19.4.2026 Dresden[:] - Bettina Kletzsch","og_description":"Bettina Kletzsch -","og_url":"https:\/\/www.bettinakletzsch.de\/en\/2026\/03\/06\/kuenstermesse-17-18-19-4-2026-dresden\/","og_site_name":"Bettina Kletzsch","article_published_time":"2026-03-06T10:08:30+00:00","article_modified_time":"2026-04-13T12:50:08+00:00","og_image":[{"width":312,"height":300,"url":"https:\/\/www.bettinakletzsch.de\/wordpress\/wp-content\/uploads\/2026\/03\/Bildschirmfoto-2026-03-06-um-11.04.22.png","type":"image\/png"}],"author":"Bettina Kletzsch","twitter_card":"summary_large_image","twitter_misc":{"Written by":"Bettina Kletzsch","Est. reading time":"1 minute"},"schema":{"@context":"https:\/\/schema.org","@graph":[{"@type":"Article","@id":"https:\/\/www.bettinakletzsch.de\/2026\/03\/06\/kuenstermesse-17-18-19-4-2026-dresden\/#article","isPartOf":{"@id":"https:\/\/www.bettinakletzsch.de\/2026\/03\/06\/kuenstermesse-17-18-19-4-2026-dresden\/"},"author":{"name":"Bettina Kletzsch","@id":"https:\/\/www.bettinakletzsch.de\/en\/#\/schema\/person\/af10bb2613a2a417ba43501dd0db767e"},"headline":"K\u00fcnstermesse 17\/18\/19.4.2026 Dresden","datePublished":"2026-03-06T10:08:30+00:00","dateModified":"2026-04-13T12:50:08+00:00","mainEntityOfPage":{"@id":"https:\/\/www.bettinakletzsch.de\/2026\/03\/06\/kuenstermesse-17-18-19-4-2026-dresden\/"},"wordCount":218,"publisher":{"@id":"https:\/\/www.bettinakletzsch.de\/en\/#\/schema\/person\/af10bb2613a2a417ba43501dd0db767e"},"image":{"@id":"https:\/\/www.bettinakletzsch.de\/2026\/03\/06\/kuenstermesse-17-18-19-4-2026-dresden\/#primaryimage"},"thumbnailUrl":"https:\/\/i0.wp.com\/www.bettinakletzsch.de\/wordpress\/wp-content\/uploads\/2026\/03\/Bildschirmfoto-2026-03-06-um-11.04.22.png?fit=312%2C300&ssl=1","keywords":["Exhibition"],"articleSection":["News","Projects"],"inLanguage":"en-US"},{"@type":"WebPage","@id":"https:\/\/www.bettinakletzsch.de\/2026\/03\/06\/kuenstermesse-17-18-19-4-2026-dresden\/","url":"https:\/\/www.bettinakletzsch.de\/2026\/03\/06\/kuenstermesse-17-18-19-4-2026-dresden\/","name":"K\u00fcnstermesse 17\/18\/19.4.2026 Dresden","isPartOf":{"@id":"https:\/\/www.bettinakletzsch.de\/en\/#website"},"primaryImageOfPage":{"@id":"https:\/\/www.bettinakletzsch.de\/2026\/03\/06\/kuenstermesse-17-18-19-4-2026-dresden\/#primaryimage"},"image":{"@id":"https:\/\/www.bettinakletzsch.de\/2026\/03\/06\/kuenstermesse-17-18-19-4-2026-dresden\/#primaryimage"},"thumbnailUrl":"https:\/\/i0.wp.com\/www.bettinakletzsch.de\/wordpress\/wp-content\/uploads\/2026\/03\/Bildschirmfoto-2026-03-06-um-11.04.22.png?fit=312%2C300&ssl=1","datePublished":"2026-03-06T10:08:30+00:00","dateModified":"2026-04-13T12:50:08+00:00","description":"Bettina Kletzsch -","breadcrumb":{"@id":"https:\/\/www.bettinakletzsch.de\/2026\/03\/06\/kuenstermesse-17-18-19-4-2026-dresden\/#breadcrumb"},"inLanguage":"en-US","potentialAction":[{"@type":"ReadAction","target":["https:\/\/www.bettinakletzsch.de\/2026\/03\/06\/kuenstermesse-17-18-19-4-2026-dresden\/"]}]},{"@type":"ImageObject","inLanguage":"en-US","@id":"https:\/\/www.bettinakletzsch.de\/2026\/03\/06\/kuenstermesse-17-18-19-4-2026-dresden\/#primaryimage","url":"https:\/\/i0.wp.com\/www.bettinakletzsch.de\/wordpress\/wp-content\/uploads\/2026\/03\/Bildschirmfoto-2026-03-06-um-11.04.22.png?fit=312%2C300&ssl=1","contentUrl":"https:\/\/i0.wp.com\/www.bettinakletzsch.de\/wordpress\/wp-content\/uploads\/2026\/03\/Bildschirmfoto-2026-03-06-um-11.04.22.png?fit=312%2C300&ssl=1","width":312,"height":300},{"@type":"BreadcrumbList","@id":"https:\/\/www.bettinakletzsch.de\/2026\/03\/06\/kuenstermesse-17-18-19-4-2026-dresden\/#breadcrumb","itemListElement":[{"@type":"ListItem","position":1,"name":"Startseite","item":"https:\/\/www.bettinakletzsch.de\/"},{"@type":"ListItem","position":2,"name":"K\u00fcnstermesse 17\/18\/19.4.2026 Dresden"}]},{"@type":"WebSite","@id":"https:\/\/www.bettinakletzsch.de\/en\/#website","url":"https:\/\/www.bettinakletzsch.de\/en\/","name":"Bettina Kletzsch","description":"Mixed Mode","publisher":{"@id":"https:\/\/www.bettinakletzsch.de\/en\/#\/schema\/person\/af10bb2613a2a417ba43501dd0db767e"},"potentialAction":[{"@type":"SearchAction","target":{"@type":"EntryPoint","urlTemplate":"https:\/\/www.bettinakletzsch.de\/en\/?s={search_term_string}"},"query-input":{"@type":"PropertyValueSpecification","valueRequired":true,"valueName":"search_term_string"}}],"inLanguage":"en-US"},{"@type":["Person","Organization"],"@id":"https:\/\/www.bettinakletzsch.de\/en\/#\/schema\/person\/af10bb2613a2a417ba43501dd0db767e","name":"Bettina Kletzsch","image":{"@type":"ImageObject","inLanguage":"en-US","@id":"https:\/\/i2.wp.com\/www.bettinakletzsch.de\/wordpress\/wp-content\/uploads\/2020\/04\/Konfektionshaus_Regenbogen_reduziert_gedreht-1.jpg?fit=827%2C827&ssl=1","url":"https:\/\/i2.wp.com\/www.bettinakletzsch.de\/wordpress\/wp-content\/uploads\/2020\/04\/Konfektionshaus_Regenbogen_reduziert_gedreht-1.jpg?fit=827%2C827&ssl=1","contentUrl":"https:\/\/i2.wp.com\/www.bettinakletzsch.de\/wordpress\/wp-content\/uploads\/2020\/04\/Konfektionshaus_Regenbogen_reduziert_gedreht-1.jpg?fit=827%2C827&ssl=1","width":827,"height":827,"caption":"Bettina Kletzsch"},"logo":{"@id":"https:\/\/i2.wp.com\/www.bettinakletzsch.de\/wordpress\/wp-content\/uploads\/2020\/04\/Konfektionshaus_Regenbogen_reduziert_gedreht-1.jpg?fit=827%2C827&ssl=1"}}]}},"jetpack_featured_media_url":"https:\/\/i0.wp.com\/www.bettinakletzsch.de\/wordpress\/wp-content\/uploads\/2026\/03\/Bildschirmfoto-2026-03-06-um-11.04.22.png?fit=312%2C300&ssl=1","jetpack_sharing_enabled":true,"_links":{"self":[{"href":"https:\/\/www.bettinakletzsch.de\/en\/wp-json\/wp\/v2\/posts\/3653","targetHints":{"allow":["GET"]}}],"collection":[{"href":"https:\/\/www.bettinakletzsch.de\/en\/wp-json\/wp\/v2\/posts"}],"about":[{"href":"https:\/\/www.bettinakletzsch.de\/en\/wp-json\/wp\/v2\/types\/post"}],"author":[{"embeddable":true,"href":"https:\/\/www.bettinakletzsch.de\/en\/wp-json\/wp\/v2\/users\/3"}],"replies":[{"embeddable":true,"href":"https:\/\/www.bettinakletzsch.de\/en\/wp-json\/wp\/v2\/comments?post=3653"}],"version-history":[{"count":6,"href":"https:\/\/www.bettinakletzsch.de\/en\/wp-json\/wp\/v2\/posts\/3653\/revisions"}],"predecessor-version":[{"id":3685,"href":"https:\/\/www.bettinakletzsch.de\/en\/wp-json\/wp\/v2\/posts\/3653\/revisions\/3685"}],"wp:featuredmedia":[{"embeddable":true,"href":"https:\/\/www.bettinakletzsch.de\/en\/wp-json\/wp\/v2\/media\/3660"}],"wp:attachment":[{"href":"https:\/\/www.bettinakletzsch.de\/en\/wp-json\/wp\/v2\/media?parent=3653"}],"wp:term":[{"taxonomy":"category","embeddable":true,"href":"https:\/\/www.bettinakletzsch.de\/en\/wp-json\/wp\/v2\/categories?post=3653"},{"taxonomy":"post_tag","embeddable":true,"href":"https:\/\/www.bettinakletzsch.de\/en\/wp-json\/wp\/v2\/tags?post=3653"}],"curies":[{"name":"wp","href":"https:\/\/api.w.org\/{rel}","templated":true}]}}