{"id":3458,"date":"2024-12-04T21:53:23","date_gmt":"2024-12-04T20:53:23","guid":{"rendered":"https:\/\/www.bettinakletzsch.de\/?p=3458"},"modified":"2024-12-04T21:53:23","modified_gmt":"2024-12-04T20:53:23","slug":"kreative-werkstatt-dresden","status":"publish","type":"post","link":"https:\/\/www.bettinakletzsch.de\/en\/2024\/12\/04\/kreative-werkstatt-dresden\/","title":{"rendered":"Kreative Werkstatt Dresden"},"content":{"rendered":"<p>Weihnachtsverkaufsausstellung s\u00e4chsischer K\u00fcnstlerinnen und Kunsthandwerkerinnen<br \/>\nbis 22.12.2024 in der Werkgalerie<br \/>\n\u00d6ffnungszeiten: di-do 10-16 Uhr, fr 14-18 Uhr, so 14.30-16.30 Uhr<\/p>\n<p><b>Kreative Werkstatt Dresden e.V.<\/b><br \/>\nGalvanohof | B\u00fcrgerstra\u00dfe 50<br \/>\n01127 Dresden<\/p>\n","protected":false},"excerpt":{"rendered":"<p>Weihnachtsverkaufsausstellung s\u00e4chsischer K\u00fcnstlerinnen und Kunsthandwerkerinnen bis 22.12.2024 in der Werkgalerie \u00d6ffnungszeiten: di-do 10-16 Uhr, fr 14-18 Uhr, so 14.30-16.30 Uhr Kreative Werkstatt Dresden e.V. Galvanohof | B\u00fcrgerstra\u00dfe 50 01127 Dresden<\/p>\n","protected":false},"author":3,"featured_media":3453,"comment_status":"closed","ping_status":"open","sticky":false,"template":"","format":"standard","meta":{"h5ap_radio_sources":[],"_jetpack_memberships_contains_paid_content":false,"footnotes":""},"categories":[1,4],"tags":[8,7],"class_list":["post-3458","post","type-post","status-publish","format-standard","has-post-thumbnail","hentry","category-news","category-projekte","tag-ausstellung","tag-markt"],"yoast_head":"<!-- This site is optimized with the Yoast SEO plugin v27.5 - https:\/\/yoast.com\/product\/yoast-seo-wordpress\/ -->\n<title>Kreative Werkstatt Dresden<\/title>\n<meta name=\"description\" content=\"Bettina Kletzsch -\" \/>\n<meta name=\"robots\" content=\"index, follow, max-snippet:-1, max-image-preview:large, max-video-preview:-1\" \/>\n<link rel=\"canonical\" href=\"https:\/\/www.bettinakletzsch.de\/en\/2024\/12\/04\/kreative-werkstatt-dresden\/\" \/>\n<meta property=\"og:locale\" content=\"en_US\" \/>\n<meta property=\"og:locale:alternate\" content=\"de_DE\" \/>\n<meta property=\"og:type\" content=\"article\" \/>\n<meta property=\"og:title\" content=\"Kreative Werkstatt Dresden\" \/>\n<meta property=\"og:description\" content=\"Bettina Kletzsch -\" \/>\n<meta property=\"og:url\" content=\"https:\/\/www.bettinakletzsch.de\/en\/2024\/12\/04\/kreative-werkstatt-dresden\/\" \/>\n<meta property=\"og:site_name\" content=\"Bettina Kletzsch\" \/>\n<meta property=\"article:published_time\" content=\"2024-12-04T20:53:23+00:00\" \/>\n<meta property=\"og:image\" content=\"https:\/\/www.bettinakletzsch.de\/wordpress\/wp-content\/uploads\/2024\/12\/Bildschirmfoto-2024-12-04-um-15.24.08.png\" \/>\n\t<meta property=\"og:image:width\" content=\"368\" \/>\n\t<meta property=\"og:image:height\" content=\"406\" \/>\n\t<meta property=\"og:image:type\" content=\"image\/png\" \/>\n<meta name=\"author\" content=\"Bettina Kletzsch\" \/>\n<meta name=\"twitter:card\" content=\"summary_large_image\" \/>\n<meta name=\"twitter:label1\" content=\"Written by\" \/>\n\t<meta name=\"twitter:data1\" content=\"Bettina Kletzsch\" \/>\n<script type=\"application\/ld+json\" class=\"yoast-schema-graph\">{\"@context\":\"https:\\\/\\\/schema.org\",\"@graph\":[{\"@type\":\"Article\",\"@id\":\"https:\\\/\\\/www.bettinakletzsch.de\\\/2024\\\/12\\\/04\\\/kreative-werkstatt-dresden\\\/#article\",\"isPartOf\":{\"@id\":\"https:\\\/\\\/www.bettinakletzsch.de\\\/2024\\\/12\\\/04\\\/kreative-werkstatt-dresden\\\/\"},\"author\":{\"name\":\"Bettina Kletzsch\",\"@id\":\"https:\\\/\\\/www.bettinakletzsch.de\\\/en\\\/#\\\/schema\\\/person\\\/af10bb2613a2a417ba43501dd0db767e\"},\"headline\":\"Kreative Werkstatt Dresden\",\"datePublished\":\"2024-12-04T20:53:23+00:00\",\"mainEntityOfPage\":{\"@id\":\"https:\\\/\\\/www.bettinakletzsch.de\\\/2024\\\/12\\\/04\\\/kreative-werkstatt-dresden\\\/\"},\"wordCount\":36,\"publisher\":{\"@id\":\"https:\\\/\\\/www.bettinakletzsch.de\\\/en\\\/#\\\/schema\\\/person\\\/af10bb2613a2a417ba43501dd0db767e\"},\"image\":{\"@id\":\"https:\\\/\\\/www.bettinakletzsch.de\\\/2024\\\/12\\\/04\\\/kreative-werkstatt-dresden\\\/#primaryimage\"},\"thumbnailUrl\":\"https:\\\/\\\/i0.wp.com\\\/www.bettinakletzsch.de\\\/wordpress\\\/wp-content\\\/uploads\\\/2024\\\/12\\\/Bildschirmfoto-2024-12-04-um-15.24.08.png?fit=368%2C406&ssl=1\",\"keywords\":[\"Exhibition\",\"Fair\"],\"articleSection\":[\"News\",\"Projects\"],\"inLanguage\":\"en-US\"},{\"@type\":\"WebPage\",\"@id\":\"https:\\\/\\\/www.bettinakletzsch.de\\\/2024\\\/12\\\/04\\\/kreative-werkstatt-dresden\\\/\",\"url\":\"https:\\\/\\\/www.bettinakletzsch.de\\\/2024\\\/12\\\/04\\\/kreative-werkstatt-dresden\\\/\",\"name\":\"Kreative Werkstatt Dresden\",\"isPartOf\":{\"@id\":\"https:\\\/\\\/www.bettinakletzsch.de\\\/en\\\/#website\"},\"primaryImageOfPage\":{\"@id\":\"https:\\\/\\\/www.bettinakletzsch.de\\\/2024\\\/12\\\/04\\\/kreative-werkstatt-dresden\\\/#primaryimage\"},\"image\":{\"@id\":\"https:\\\/\\\/www.bettinakletzsch.de\\\/2024\\\/12\\\/04\\\/kreative-werkstatt-dresden\\\/#primaryimage\"},\"thumbnailUrl\":\"https:\\\/\\\/i0.wp.com\\\/www.bettinakletzsch.de\\\/wordpress\\\/wp-content\\\/uploads\\\/2024\\\/12\\\/Bildschirmfoto-2024-12-04-um-15.24.08.png?fit=368%2C406&ssl=1\",\"datePublished\":\"2024-12-04T20:53:23+00:00\",\"description\":\"Bettina Kletzsch -\",\"breadcrumb\":{\"@id\":\"https:\\\/\\\/www.bettinakletzsch.de\\\/2024\\\/12\\\/04\\\/kreative-werkstatt-dresden\\\/#breadcrumb\"},\"inLanguage\":\"en-US\",\"potentialAction\":[{\"@type\":\"ReadAction\",\"target\":[\"https:\\\/\\\/www.bettinakletzsch.de\\\/2024\\\/12\\\/04\\\/kreative-werkstatt-dresden\\\/\"]}]},{\"@type\":\"ImageObject\",\"inLanguage\":\"en-US\",\"@id\":\"https:\\\/\\\/www.bettinakletzsch.de\\\/2024\\\/12\\\/04\\\/kreative-werkstatt-dresden\\\/#primaryimage\",\"url\":\"https:\\\/\\\/i0.wp.com\\\/www.bettinakletzsch.de\\\/wordpress\\\/wp-content\\\/uploads\\\/2024\\\/12\\\/Bildschirmfoto-2024-12-04-um-15.24.08.png?fit=368%2C406&ssl=1\",\"contentUrl\":\"https:\\\/\\\/i0.wp.com\\\/www.bettinakletzsch.de\\\/wordpress\\\/wp-content\\\/uploads\\\/2024\\\/12\\\/Bildschirmfoto-2024-12-04-um-15.24.08.png?fit=368%2C406&ssl=1\",\"width\":368,\"height\":406},{\"@type\":\"BreadcrumbList\",\"@id\":\"https:\\\/\\\/www.bettinakletzsch.de\\\/2024\\\/12\\\/04\\\/kreative-werkstatt-dresden\\\/#breadcrumb\",\"itemListElement\":[{\"@type\":\"ListItem\",\"position\":1,\"name\":\"Startseite\",\"item\":\"https:\\\/\\\/www.bettinakletzsch.de\\\/\"},{\"@type\":\"ListItem\",\"position\":2,\"name\":\"Kreative Werkstatt Dresden\"}]},{\"@type\":\"WebSite\",\"@id\":\"https:\\\/\\\/www.bettinakletzsch.de\\\/en\\\/#website\",\"url\":\"https:\\\/\\\/www.bettinakletzsch.de\\\/en\\\/\",\"name\":\"Bettina Kletzsch\",\"description\":\"Mixed Mode\",\"publisher\":{\"@id\":\"https:\\\/\\\/www.bettinakletzsch.de\\\/en\\\/#\\\/schema\\\/person\\\/af10bb2613a2a417ba43501dd0db767e\"},\"potentialAction\":[{\"@type\":\"SearchAction\",\"target\":{\"@type\":\"EntryPoint\",\"urlTemplate\":\"https:\\\/\\\/www.bettinakletzsch.de\\\/en\\\/?s={search_term_string}\"},\"query-input\":{\"@type\":\"PropertyValueSpecification\",\"valueRequired\":true,\"valueName\":\"search_term_string\"}}],\"inLanguage\":\"en-US\"},{\"@type\":[\"Person\",\"Organization\"],\"@id\":\"https:\\\/\\\/www.bettinakletzsch.de\\\/en\\\/#\\\/schema\\\/person\\\/af10bb2613a2a417ba43501dd0db767e\",\"name\":\"Bettina Kletzsch\",\"image\":{\"@type\":\"ImageObject\",\"inLanguage\":\"en-US\",\"@id\":\"https:\\\/\\\/i2.wp.com\\\/www.bettinakletzsch.de\\\/wordpress\\\/wp-content\\\/uploads\\\/2020\\\/04\\\/Konfektionshaus_Regenbogen_reduziert_gedreht-1.jpg?fit=827%2C827&ssl=1\",\"url\":\"https:\\\/\\\/i2.wp.com\\\/www.bettinakletzsch.de\\\/wordpress\\\/wp-content\\\/uploads\\\/2020\\\/04\\\/Konfektionshaus_Regenbogen_reduziert_gedreht-1.jpg?fit=827%2C827&ssl=1\",\"contentUrl\":\"https:\\\/\\\/i2.wp.com\\\/www.bettinakletzsch.de\\\/wordpress\\\/wp-content\\\/uploads\\\/2020\\\/04\\\/Konfektionshaus_Regenbogen_reduziert_gedreht-1.jpg?fit=827%2C827&ssl=1\",\"width\":827,\"height\":827,\"caption\":\"Bettina Kletzsch\"},\"logo\":{\"@id\":\"https:\\\/\\\/i2.wp.com\\\/www.bettinakletzsch.de\\\/wordpress\\\/wp-content\\\/uploads\\\/2020\\\/04\\\/Konfektionshaus_Regenbogen_reduziert_gedreht-1.jpg?fit=827%2C827&ssl=1\"}}]}<\/script>\n<!-- \/ Yoast SEO plugin. -->","yoast_head_json":{"title":"Kreative Werkstatt Dresden","description":"Bettina Kletzsch -","robots":{"index":"index","follow":"follow","max-snippet":"max-snippet:-1","max-image-preview":"max-image-preview:large","max-video-preview":"max-video-preview:-1"},"canonical":"https:\/\/www.bettinakletzsch.de\/en\/2024\/12\/04\/kreative-werkstatt-dresden\/","og_locale":"en_US","og_type":"article","og_title":"[:de]Kreative Werkstatt Dresden[:] - Bettina Kletzsch","og_description":"Bettina Kletzsch -","og_url":"https:\/\/www.bettinakletzsch.de\/en\/2024\/12\/04\/kreative-werkstatt-dresden\/","og_site_name":"Bettina Kletzsch","article_published_time":"2024-12-04T20:53:23+00:00","og_image":[{"width":368,"height":406,"url":"https:\/\/www.bettinakletzsch.de\/wordpress\/wp-content\/uploads\/2024\/12\/Bildschirmfoto-2024-12-04-um-15.24.08.png","type":"image\/png"}],"author":"Bettina Kletzsch","twitter_card":"summary_large_image","twitter_misc":{"Written by":"Bettina Kletzsch"},"schema":{"@context":"https:\/\/schema.org","@graph":[{"@type":"Article","@id":"https:\/\/www.bettinakletzsch.de\/2024\/12\/04\/kreative-werkstatt-dresden\/#article","isPartOf":{"@id":"https:\/\/www.bettinakletzsch.de\/2024\/12\/04\/kreative-werkstatt-dresden\/"},"author":{"name":"Bettina Kletzsch","@id":"https:\/\/www.bettinakletzsch.de\/en\/#\/schema\/person\/af10bb2613a2a417ba43501dd0db767e"},"headline":"Kreative Werkstatt Dresden","datePublished":"2024-12-04T20:53:23+00:00","mainEntityOfPage":{"@id":"https:\/\/www.bettinakletzsch.de\/2024\/12\/04\/kreative-werkstatt-dresden\/"},"wordCount":36,"publisher":{"@id":"https:\/\/www.bettinakletzsch.de\/en\/#\/schema\/person\/af10bb2613a2a417ba43501dd0db767e"},"image":{"@id":"https:\/\/www.bettinakletzsch.de\/2024\/12\/04\/kreative-werkstatt-dresden\/#primaryimage"},"thumbnailUrl":"https:\/\/i0.wp.com\/www.bettinakletzsch.de\/wordpress\/wp-content\/uploads\/2024\/12\/Bildschirmfoto-2024-12-04-um-15.24.08.png?fit=368%2C406&ssl=1","keywords":["Exhibition","Fair"],"articleSection":["News","Projects"],"inLanguage":"en-US"},{"@type":"WebPage","@id":"https:\/\/www.bettinakletzsch.de\/2024\/12\/04\/kreative-werkstatt-dresden\/","url":"https:\/\/www.bettinakletzsch.de\/2024\/12\/04\/kreative-werkstatt-dresden\/","name":"Kreative Werkstatt Dresden","isPartOf":{"@id":"https:\/\/www.bettinakletzsch.de\/en\/#website"},"primaryImageOfPage":{"@id":"https:\/\/www.bettinakletzsch.de\/2024\/12\/04\/kreative-werkstatt-dresden\/#primaryimage"},"image":{"@id":"https:\/\/www.bettinakletzsch.de\/2024\/12\/04\/kreative-werkstatt-dresden\/#primaryimage"},"thumbnailUrl":"https:\/\/i0.wp.com\/www.bettinakletzsch.de\/wordpress\/wp-content\/uploads\/2024\/12\/Bildschirmfoto-2024-12-04-um-15.24.08.png?fit=368%2C406&ssl=1","datePublished":"2024-12-04T20:53:23+00:00","description":"Bettina Kletzsch -","breadcrumb":{"@id":"https:\/\/www.bettinakletzsch.de\/2024\/12\/04\/kreative-werkstatt-dresden\/#breadcrumb"},"inLanguage":"en-US","potentialAction":[{"@type":"ReadAction","target":["https:\/\/www.bettinakletzsch.de\/2024\/12\/04\/kreative-werkstatt-dresden\/"]}]},{"@type":"ImageObject","inLanguage":"en-US","@id":"https:\/\/www.bettinakletzsch.de\/2024\/12\/04\/kreative-werkstatt-dresden\/#primaryimage","url":"https:\/\/i0.wp.com\/www.bettinakletzsch.de\/wordpress\/wp-content\/uploads\/2024\/12\/Bildschirmfoto-2024-12-04-um-15.24.08.png?fit=368%2C406&ssl=1","contentUrl":"https:\/\/i0.wp.com\/www.bettinakletzsch.de\/wordpress\/wp-content\/uploads\/2024\/12\/Bildschirmfoto-2024-12-04-um-15.24.08.png?fit=368%2C406&ssl=1","width":368,"height":406},{"@type":"BreadcrumbList","@id":"https:\/\/www.bettinakletzsch.de\/2024\/12\/04\/kreative-werkstatt-dresden\/#breadcrumb","itemListElement":[{"@type":"ListItem","position":1,"name":"Startseite","item":"https:\/\/www.bettinakletzsch.de\/"},{"@type":"ListItem","position":2,"name":"Kreative Werkstatt Dresden"}]},{"@type":"WebSite","@id":"https:\/\/www.bettinakletzsch.de\/en\/#website","url":"https:\/\/www.bettinakletzsch.de\/en\/","name":"Bettina Kletzsch","description":"Mixed Mode","publisher":{"@id":"https:\/\/www.bettinakletzsch.de\/en\/#\/schema\/person\/af10bb2613a2a417ba43501dd0db767e"},"potentialAction":[{"@type":"SearchAction","target":{"@type":"EntryPoint","urlTemplate":"https:\/\/www.bettinakletzsch.de\/en\/?s={search_term_string}"},"query-input":{"@type":"PropertyValueSpecification","valueRequired":true,"valueName":"search_term_string"}}],"inLanguage":"en-US"},{"@type":["Person","Organization"],"@id":"https:\/\/www.bettinakletzsch.de\/en\/#\/schema\/person\/af10bb2613a2a417ba43501dd0db767e","name":"Bettina Kletzsch","image":{"@type":"ImageObject","inLanguage":"en-US","@id":"https:\/\/i2.wp.com\/www.bettinakletzsch.de\/wordpress\/wp-content\/uploads\/2020\/04\/Konfektionshaus_Regenbogen_reduziert_gedreht-1.jpg?fit=827%2C827&ssl=1","url":"https:\/\/i2.wp.com\/www.bettinakletzsch.de\/wordpress\/wp-content\/uploads\/2020\/04\/Konfektionshaus_Regenbogen_reduziert_gedreht-1.jpg?fit=827%2C827&ssl=1","contentUrl":"https:\/\/i2.wp.com\/www.bettinakletzsch.de\/wordpress\/wp-content\/uploads\/2020\/04\/Konfektionshaus_Regenbogen_reduziert_gedreht-1.jpg?fit=827%2C827&ssl=1","width":827,"height":827,"caption":"Bettina Kletzsch"},"logo":{"@id":"https:\/\/i2.wp.com\/www.bettinakletzsch.de\/wordpress\/wp-content\/uploads\/2020\/04\/Konfektionshaus_Regenbogen_reduziert_gedreht-1.jpg?fit=827%2C827&ssl=1"}}]}},"jetpack_featured_media_url":"https:\/\/i0.wp.com\/www.bettinakletzsch.de\/wordpress\/wp-content\/uploads\/2024\/12\/Bildschirmfoto-2024-12-04-um-15.24.08.png?fit=368%2C406&ssl=1","jetpack_sharing_enabled":true,"_links":{"self":[{"href":"https:\/\/www.bettinakletzsch.de\/en\/wp-json\/wp\/v2\/posts\/3458","targetHints":{"allow":["GET"]}}],"collection":[{"href":"https:\/\/www.bettinakletzsch.de\/en\/wp-json\/wp\/v2\/posts"}],"about":[{"href":"https:\/\/www.bettinakletzsch.de\/en\/wp-json\/wp\/v2\/types\/post"}],"author":[{"embeddable":true,"href":"https:\/\/www.bettinakletzsch.de\/en\/wp-json\/wp\/v2\/users\/3"}],"replies":[{"embeddable":true,"href":"https:\/\/www.bettinakletzsch.de\/en\/wp-json\/wp\/v2\/comments?post=3458"}],"version-history":[{"count":1,"href":"https:\/\/www.bettinakletzsch.de\/en\/wp-json\/wp\/v2\/posts\/3458\/revisions"}],"predecessor-version":[{"id":3459,"href":"https:\/\/www.bettinakletzsch.de\/en\/wp-json\/wp\/v2\/posts\/3458\/revisions\/3459"}],"wp:featuredmedia":[{"embeddable":true,"href":"https:\/\/www.bettinakletzsch.de\/en\/wp-json\/wp\/v2\/media\/3453"}],"wp:attachment":[{"href":"https:\/\/www.bettinakletzsch.de\/en\/wp-json\/wp\/v2\/media?parent=3458"}],"wp:term":[{"taxonomy":"category","embeddable":true,"href":"https:\/\/www.bettinakletzsch.de\/en\/wp-json\/wp\/v2\/categories?post=3458"},{"taxonomy":"post_tag","embeddable":true,"href":"https:\/\/www.bettinakletzsch.de\/en\/wp-json\/wp\/v2\/tags?post=3458"}],"curies":[{"name":"wp","href":"https:\/\/api.w.org\/{rel}","templated":true}]}}