{"id":3456,"date":"2024-12-12T21:47:40","date_gmt":"2024-12-12T20:47:40","guid":{"rendered":"https:\/\/www.bettinakletzsch.de\/?p=3456"},"modified":"2024-12-12T15:00:06","modified_gmt":"2024-12-12T14:00:06","slug":"weihnachtsmarkt-der-bildenden-kunst","status":"publish","type":"post","link":"https:\/\/www.bettinakletzsch.de\/en\/2024\/12\/12\/weihnachtsmarkt-der-bildenden-kunst\/","title":{"rendered":"WEIHNACHTSMARKT DER BILDENDEN KUNST"},"content":{"rendered":"<div class=\"description_header\">\n<p>Wir freuen uns, Euch auch in diesem Jahr zum<br \/>\n<a href=\"https:\/\/kunsthausdresden.de\/veranstaltungen\/weihnachtsmarkt-der-bildenden-kunst-2024-und-abschied-von-der-raehnitzgasse\/\" target=\"_blank\" rel=\"noopener\"><strong>Weihnachtsmarkt der Bildenden Kunst 2024<\/strong><\/a><br \/>\nins Kunsthaus Dresden am alten Standort in der R\u00e4hnitzgasse einzuladen!<br \/>\n<strong>12. \u2013 15. Dezember 2024<\/strong><br \/>\n<em>Donnerstag bis Freitag 16 \u2013 21 Uhr<\/em><br \/>\n<em>Samstag 10 \u2013 18 Uhr &#038; Sonntag 10 \u2013 16 Uhr<\/em><\/p>\n<p>Zum festlichen Weihnachtseinkauf mit Gl\u00fchwein und anderen hei\u00dfen Getr\u00e4nken<br \/>\nseid Ihr herzlich eingeladen.<br \/>\nDer Eintritt ist frei.<\/p>\n<\/div>\n<div class=\"description_main\">\n<p>Zum nunmehr dritten Mal findet auch in diesem Jahr der vom Dresdner Architekten <strong>Jens Zander<\/strong> gemeinsam mit seinem Lebenspartner <strong>S\u00f6ren Sch\u00fcrer-Zander<\/strong> ins Leben gerufene Weihnachtsmarkt der bildenden Kunst bei uns <strong>im Kunsthaus Dresden in der R\u00e4hnitzgasse<\/strong> statt.<\/p>\n<p>Es ist der letzte gemeinsame Weihnachtsmarkt in der R\u00e4hnitzgasse und damit auch letzte Ausstellung des Kunsthauses Dresden in den alten R\u00e4umen in der R\u00e4hnitzgasse \u2013 und somit auch ein wichtiger Anlass f\u00fcr<strong> Abschied und Neubeginn:<\/strong> Das Kunsthaus zieht ab 2025 in die <strong>robotron-Kantine<\/strong> und in den R\u00e4umen in der R\u00e4hnitzgasse startet ein neuer st\u00e4dtischer Ort f\u00fcr Begegnung: <strong>Das Haus der Br\u00fccke<\/strong>, ein Haus f\u00fcr Vereine und Veranstaltungen migrantischer Communities in Dresden.<\/p>\n<p>Die Idee des <strong>Weihnachtsmarktes der Bildenden Kunst<\/strong> ist es auch in diesem Jahr, m\u00f6glichst viele Menschen f\u00fcr den Kunstkauf zu begeistern. Das Preisspektrum reicht deshalb von zweistelligen Betr\u00e4gen bis zu einem maximalen Verkaufspreis von achthundert Euro pro k\u00fcnstlerische Arbeit.<\/p>\n<p>Die Erl\u00f6se des Weihnachtsmarktes kommen zu 80 Prozent den einreichenden Dresdner K\u00fcnstler:innen zu gute, 20 Prozent werden f\u00fcr einem gemeinn\u00fctzigen Zweck gespendet.<\/p>\n<p>Au\u00dferdem k\u00f6nnen auch in diesem Jahr <strong>Neuerscheinungen (Kataloge\/ K\u00fcnstlerb\u00fccher\/ Platten)<\/strong> von Dresdner K\u00fcnstler*innen und Institutionen eingereicht werden, die in diesem Jahr (Erscheinungsjahr 2024) erschienen sind. Diese werden in einem eigenen Raum pr\u00e4sentiert.<br \/>\nDazu gibt es ein <em>get together<\/em> der Beteiligten auf einer<\/p>\n<p><strong>ALL BOOKS PARTY am Samstag, den 14. Dezember um 15 Uhr<\/strong><br \/>\nEine Teilnahme am Weihnachtsmarkt basiert auf dieser Einladung durch die Initiator:innen oder Empfehlung. Ebenfalls zur Teilnahme eingeladen sind auch K\u00fcnstler:innen aller Diplomklassen sowie Meistersch\u00fcler und Absolventen der Dresdener Hochschule f\u00fcr Bildende K\u00fcnste.<\/p>\n<p><em>Der <strong>Weihnachtsmarkt der bildenden Kunst<\/strong> ist ein Projekt in Zusammenarbeit mit dem Kunstraum, eine Initiative von <strong>Jens Zander<\/strong> und <strong>S\u00f6ren Sch\u00fcrer-Zander<\/strong>.<\/em><\/p>\n<\/div>\n","protected":false},"excerpt":{"rendered":"<p>Wir freuen uns, Euch auch in diesem Jahr zum Weihnachtsmarkt der Bildenden Kunst 2024 ins Kunsthaus Dresden am alten Standort in der R\u00e4hnitzgasse einzuladen! 12. \u2013 15. Dezember 2024 Donnerstag bis Freitag 16 \u2013 21 Uhr Samstag 10 \u2013 18 Uhr &#038; Sonntag 10 \u2013 16 Uhr Zum festlichen Weihnachtseinkauf mit Gl\u00fchwein und anderen hei\u00dfen <a href=\"https:\/\/www.bettinakletzsch.de\/en\/2024\/12\/12\/weihnachtsmarkt-der-bildenden-kunst\/\" class=\"more-link\">&#8230;<span class=\"screen-reader-text\">  WEIHNACHTSMARKT DER BILDENDEN KUNST<\/span><\/a><\/p>\n","protected":false},"author":3,"featured_media":3447,"comment_status":"closed","ping_status":"open","sticky":false,"template":"","format":"standard","meta":{"h5ap_radio_sources":[],"_jetpack_memberships_contains_paid_content":false,"footnotes":""},"categories":[1,4],"tags":[8,7],"class_list":["post-3456","post","type-post","status-publish","format-standard","has-post-thumbnail","hentry","category-news","category-projekte","tag-ausstellung","tag-markt"],"yoast_head":"<!-- This site is optimized with the Yoast SEO plugin v27.5 - https:\/\/yoast.com\/product\/yoast-seo-wordpress\/ -->\n<title>WEIHNACHTSMARKT DER BILDENDEN KUNST<\/title>\n<meta name=\"description\" content=\"Bettina Kletzsch -\" \/>\n<meta name=\"robots\" content=\"index, follow, max-snippet:-1, max-image-preview:large, max-video-preview:-1\" \/>\n<link rel=\"canonical\" href=\"https:\/\/www.bettinakletzsch.de\/en\/?p=3456\" \/>\n<meta property=\"og:locale\" content=\"en_US\" \/>\n<meta property=\"og:locale:alternate\" content=\"de_DE\" \/>\n<meta property=\"og:type\" content=\"article\" \/>\n<meta property=\"og:title\" content=\"WEIHNACHTSMARKT DER BILDENDEN KUNST\" \/>\n<meta property=\"og:description\" content=\"Bettina Kletzsch -\" \/>\n<meta property=\"og:url\" content=\"https:\/\/www.bettinakletzsch.de\/en\/2024\/12\/12\/weihnachtsmarkt-der-bildenden-kunst\/\" \/>\n<meta property=\"og:site_name\" content=\"Bettina Kletzsch\" \/>\n<meta property=\"article:published_time\" content=\"2024-12-12T20:47:40+00:00\" \/>\n<meta property=\"og:image\" content=\"https:\/\/www.bettinakletzsch.de\/wordpress\/wp-content\/uploads\/2024\/12\/Bildschirmfoto-2024-12-04-um-15.14.08.png\" \/>\n\t<meta property=\"og:image:width\" content=\"326\" \/>\n\t<meta property=\"og:image:height\" content=\"278\" \/>\n\t<meta property=\"og:image:type\" content=\"image\/png\" \/>\n<meta name=\"author\" content=\"Bettina Kletzsch\" \/>\n<meta name=\"twitter:card\" content=\"summary_large_image\" \/>\n<meta name=\"twitter:label1\" content=\"Written by\" \/>\n\t<meta name=\"twitter:data1\" content=\"Bettina Kletzsch\" \/>\n\t<meta name=\"twitter:label2\" content=\"Est. reading time\" \/>\n\t<meta name=\"twitter:data2\" content=\"2 minutes\" \/>\n<script type=\"application\/ld+json\" class=\"yoast-schema-graph\">{\"@context\":\"https:\\\/\\\/schema.org\",\"@graph\":[{\"@type\":\"Article\",\"@id\":\"https:\\\/\\\/www.bettinakletzsch.de\\\/?p=3456#article\",\"isPartOf\":{\"@id\":\"https:\\\/\\\/www.bettinakletzsch.de\\\/?p=3456\"},\"author\":{\"name\":\"Bettina Kletzsch\",\"@id\":\"https:\\\/\\\/www.bettinakletzsch.de\\\/en\\\/#\\\/schema\\\/person\\\/af10bb2613a2a417ba43501dd0db767e\"},\"headline\":\"WEIHNACHTSMARKT DER BILDENDEN KUNST\",\"datePublished\":\"2024-12-12T20:47:40+00:00\",\"mainEntityOfPage\":{\"@id\":\"https:\\\/\\\/www.bettinakletzsch.de\\\/?p=3456\"},\"wordCount\":365,\"publisher\":{\"@id\":\"https:\\\/\\\/www.bettinakletzsch.de\\\/en\\\/#\\\/schema\\\/person\\\/af10bb2613a2a417ba43501dd0db767e\"},\"image\":{\"@id\":\"https:\\\/\\\/www.bettinakletzsch.de\\\/?p=3456#primaryimage\"},\"thumbnailUrl\":\"https:\\\/\\\/i0.wp.com\\\/www.bettinakletzsch.de\\\/wordpress\\\/wp-content\\\/uploads\\\/2024\\\/12\\\/Bildschirmfoto-2024-12-04-um-15.14.08.png?fit=326%2C278&ssl=1\",\"keywords\":[\"Exhibition\",\"Fair\"],\"articleSection\":[\"News\",\"Projects\"],\"inLanguage\":\"en-US\"},{\"@type\":\"WebPage\",\"@id\":\"https:\\\/\\\/www.bettinakletzsch.de\\\/?p=3456\",\"url\":\"https:\\\/\\\/www.bettinakletzsch.de\\\/?p=3456\",\"name\":\"WEIHNACHTSMARKT DER BILDENDEN KUNST\",\"isPartOf\":{\"@id\":\"https:\\\/\\\/www.bettinakletzsch.de\\\/en\\\/#website\"},\"primaryImageOfPage\":{\"@id\":\"https:\\\/\\\/www.bettinakletzsch.de\\\/?p=3456#primaryimage\"},\"image\":{\"@id\":\"https:\\\/\\\/www.bettinakletzsch.de\\\/?p=3456#primaryimage\"},\"thumbnailUrl\":\"https:\\\/\\\/i0.wp.com\\\/www.bettinakletzsch.de\\\/wordpress\\\/wp-content\\\/uploads\\\/2024\\\/12\\\/Bildschirmfoto-2024-12-04-um-15.14.08.png?fit=326%2C278&ssl=1\",\"datePublished\":\"2024-12-12T20:47:40+00:00\",\"description\":\"Bettina Kletzsch -\",\"breadcrumb\":{\"@id\":\"https:\\\/\\\/www.bettinakletzsch.de\\\/?p=3456#breadcrumb\"},\"inLanguage\":\"en-US\",\"potentialAction\":[{\"@type\":\"ReadAction\",\"target\":[\"https:\\\/\\\/www.bettinakletzsch.de\\\/?p=3456\"]}]},{\"@type\":\"ImageObject\",\"inLanguage\":\"en-US\",\"@id\":\"https:\\\/\\\/www.bettinakletzsch.de\\\/?p=3456#primaryimage\",\"url\":\"https:\\\/\\\/i0.wp.com\\\/www.bettinakletzsch.de\\\/wordpress\\\/wp-content\\\/uploads\\\/2024\\\/12\\\/Bildschirmfoto-2024-12-04-um-15.14.08.png?fit=326%2C278&ssl=1\",\"contentUrl\":\"https:\\\/\\\/i0.wp.com\\\/www.bettinakletzsch.de\\\/wordpress\\\/wp-content\\\/uploads\\\/2024\\\/12\\\/Bildschirmfoto-2024-12-04-um-15.14.08.png?fit=326%2C278&ssl=1\",\"width\":326,\"height\":278},{\"@type\":\"BreadcrumbList\",\"@id\":\"https:\\\/\\\/www.bettinakletzsch.de\\\/?p=3456#breadcrumb\",\"itemListElement\":[{\"@type\":\"ListItem\",\"position\":1,\"name\":\"Startseite\",\"item\":\"https:\\\/\\\/www.bettinakletzsch.de\\\/\"},{\"@type\":\"ListItem\",\"position\":2,\"name\":\"WEIHNACHTSMARKT DER BILDENDEN KUNST\"}]},{\"@type\":\"WebSite\",\"@id\":\"https:\\\/\\\/www.bettinakletzsch.de\\\/en\\\/#website\",\"url\":\"https:\\\/\\\/www.bettinakletzsch.de\\\/en\\\/\",\"name\":\"Bettina Kletzsch\",\"description\":\"Mixed Mode\",\"publisher\":{\"@id\":\"https:\\\/\\\/www.bettinakletzsch.de\\\/en\\\/#\\\/schema\\\/person\\\/af10bb2613a2a417ba43501dd0db767e\"},\"potentialAction\":[{\"@type\":\"SearchAction\",\"target\":{\"@type\":\"EntryPoint\",\"urlTemplate\":\"https:\\\/\\\/www.bettinakletzsch.de\\\/en\\\/?s={search_term_string}\"},\"query-input\":{\"@type\":\"PropertyValueSpecification\",\"valueRequired\":true,\"valueName\":\"search_term_string\"}}],\"inLanguage\":\"en-US\"},{\"@type\":[\"Person\",\"Organization\"],\"@id\":\"https:\\\/\\\/www.bettinakletzsch.de\\\/en\\\/#\\\/schema\\\/person\\\/af10bb2613a2a417ba43501dd0db767e\",\"name\":\"Bettina Kletzsch\",\"image\":{\"@type\":\"ImageObject\",\"inLanguage\":\"en-US\",\"@id\":\"https:\\\/\\\/i2.wp.com\\\/www.bettinakletzsch.de\\\/wordpress\\\/wp-content\\\/uploads\\\/2020\\\/04\\\/Konfektionshaus_Regenbogen_reduziert_gedreht-1.jpg?fit=827%2C827&ssl=1\",\"url\":\"https:\\\/\\\/i2.wp.com\\\/www.bettinakletzsch.de\\\/wordpress\\\/wp-content\\\/uploads\\\/2020\\\/04\\\/Konfektionshaus_Regenbogen_reduziert_gedreht-1.jpg?fit=827%2C827&ssl=1\",\"contentUrl\":\"https:\\\/\\\/i2.wp.com\\\/www.bettinakletzsch.de\\\/wordpress\\\/wp-content\\\/uploads\\\/2020\\\/04\\\/Konfektionshaus_Regenbogen_reduziert_gedreht-1.jpg?fit=827%2C827&ssl=1\",\"width\":827,\"height\":827,\"caption\":\"Bettina Kletzsch\"},\"logo\":{\"@id\":\"https:\\\/\\\/i2.wp.com\\\/www.bettinakletzsch.de\\\/wordpress\\\/wp-content\\\/uploads\\\/2020\\\/04\\\/Konfektionshaus_Regenbogen_reduziert_gedreht-1.jpg?fit=827%2C827&ssl=1\"}}]}<\/script>\n<!-- \/ Yoast SEO plugin. -->","yoast_head_json":{"title":"WEIHNACHTSMARKT DER BILDENDEN KUNST","description":"Bettina Kletzsch -","robots":{"index":"index","follow":"follow","max-snippet":"max-snippet:-1","max-image-preview":"max-image-preview:large","max-video-preview":"max-video-preview:-1"},"canonical":"https:\/\/www.bettinakletzsch.de\/en\/?p=3456","og_locale":"en_US","og_type":"article","og_title":"[:de]WEIHNACHTSMARKT DER BILDENDEN KUNST[:] - Bettina Kletzsch","og_description":"Bettina Kletzsch -","og_url":"https:\/\/www.bettinakletzsch.de\/en\/2024\/12\/12\/weihnachtsmarkt-der-bildenden-kunst\/","og_site_name":"Bettina Kletzsch","article_published_time":"2024-12-12T20:47:40+00:00","og_image":[{"width":326,"height":278,"url":"https:\/\/www.bettinakletzsch.de\/wordpress\/wp-content\/uploads\/2024\/12\/Bildschirmfoto-2024-12-04-um-15.14.08.png","type":"image\/png"}],"author":"Bettina Kletzsch","twitter_card":"summary_large_image","twitter_misc":{"Written by":"Bettina Kletzsch","Est. reading time":"2 minutes"},"schema":{"@context":"https:\/\/schema.org","@graph":[{"@type":"Article","@id":"https:\/\/www.bettinakletzsch.de\/?p=3456#article","isPartOf":{"@id":"https:\/\/www.bettinakletzsch.de\/?p=3456"},"author":{"name":"Bettina Kletzsch","@id":"https:\/\/www.bettinakletzsch.de\/en\/#\/schema\/person\/af10bb2613a2a417ba43501dd0db767e"},"headline":"WEIHNACHTSMARKT DER BILDENDEN KUNST","datePublished":"2024-12-12T20:47:40+00:00","mainEntityOfPage":{"@id":"https:\/\/www.bettinakletzsch.de\/?p=3456"},"wordCount":365,"publisher":{"@id":"https:\/\/www.bettinakletzsch.de\/en\/#\/schema\/person\/af10bb2613a2a417ba43501dd0db767e"},"image":{"@id":"https:\/\/www.bettinakletzsch.de\/?p=3456#primaryimage"},"thumbnailUrl":"https:\/\/i0.wp.com\/www.bettinakletzsch.de\/wordpress\/wp-content\/uploads\/2024\/12\/Bildschirmfoto-2024-12-04-um-15.14.08.png?fit=326%2C278&ssl=1","keywords":["Exhibition","Fair"],"articleSection":["News","Projects"],"inLanguage":"en-US"},{"@type":"WebPage","@id":"https:\/\/www.bettinakletzsch.de\/?p=3456","url":"https:\/\/www.bettinakletzsch.de\/?p=3456","name":"WEIHNACHTSMARKT DER BILDENDEN KUNST","isPartOf":{"@id":"https:\/\/www.bettinakletzsch.de\/en\/#website"},"primaryImageOfPage":{"@id":"https:\/\/www.bettinakletzsch.de\/?p=3456#primaryimage"},"image":{"@id":"https:\/\/www.bettinakletzsch.de\/?p=3456#primaryimage"},"thumbnailUrl":"https:\/\/i0.wp.com\/www.bettinakletzsch.de\/wordpress\/wp-content\/uploads\/2024\/12\/Bildschirmfoto-2024-12-04-um-15.14.08.png?fit=326%2C278&ssl=1","datePublished":"2024-12-12T20:47:40+00:00","description":"Bettina Kletzsch -","breadcrumb":{"@id":"https:\/\/www.bettinakletzsch.de\/?p=3456#breadcrumb"},"inLanguage":"en-US","potentialAction":[{"@type":"ReadAction","target":["https:\/\/www.bettinakletzsch.de\/?p=3456"]}]},{"@type":"ImageObject","inLanguage":"en-US","@id":"https:\/\/www.bettinakletzsch.de\/?p=3456#primaryimage","url":"https:\/\/i0.wp.com\/www.bettinakletzsch.de\/wordpress\/wp-content\/uploads\/2024\/12\/Bildschirmfoto-2024-12-04-um-15.14.08.png?fit=326%2C278&ssl=1","contentUrl":"https:\/\/i0.wp.com\/www.bettinakletzsch.de\/wordpress\/wp-content\/uploads\/2024\/12\/Bildschirmfoto-2024-12-04-um-15.14.08.png?fit=326%2C278&ssl=1","width":326,"height":278},{"@type":"BreadcrumbList","@id":"https:\/\/www.bettinakletzsch.de\/?p=3456#breadcrumb","itemListElement":[{"@type":"ListItem","position":1,"name":"Startseite","item":"https:\/\/www.bettinakletzsch.de\/"},{"@type":"ListItem","position":2,"name":"WEIHNACHTSMARKT DER BILDENDEN KUNST"}]},{"@type":"WebSite","@id":"https:\/\/www.bettinakletzsch.de\/en\/#website","url":"https:\/\/www.bettinakletzsch.de\/en\/","name":"Bettina Kletzsch","description":"Mixed Mode","publisher":{"@id":"https:\/\/www.bettinakletzsch.de\/en\/#\/schema\/person\/af10bb2613a2a417ba43501dd0db767e"},"potentialAction":[{"@type":"SearchAction","target":{"@type":"EntryPoint","urlTemplate":"https:\/\/www.bettinakletzsch.de\/en\/?s={search_term_string}"},"query-input":{"@type":"PropertyValueSpecification","valueRequired":true,"valueName":"search_term_string"}}],"inLanguage":"en-US"},{"@type":["Person","Organization"],"@id":"https:\/\/www.bettinakletzsch.de\/en\/#\/schema\/person\/af10bb2613a2a417ba43501dd0db767e","name":"Bettina Kletzsch","image":{"@type":"ImageObject","inLanguage":"en-US","@id":"https:\/\/i2.wp.com\/www.bettinakletzsch.de\/wordpress\/wp-content\/uploads\/2020\/04\/Konfektionshaus_Regenbogen_reduziert_gedreht-1.jpg?fit=827%2C827&ssl=1","url":"https:\/\/i2.wp.com\/www.bettinakletzsch.de\/wordpress\/wp-content\/uploads\/2020\/04\/Konfektionshaus_Regenbogen_reduziert_gedreht-1.jpg?fit=827%2C827&ssl=1","contentUrl":"https:\/\/i2.wp.com\/www.bettinakletzsch.de\/wordpress\/wp-content\/uploads\/2020\/04\/Konfektionshaus_Regenbogen_reduziert_gedreht-1.jpg?fit=827%2C827&ssl=1","width":827,"height":827,"caption":"Bettina Kletzsch"},"logo":{"@id":"https:\/\/i2.wp.com\/www.bettinakletzsch.de\/wordpress\/wp-content\/uploads\/2020\/04\/Konfektionshaus_Regenbogen_reduziert_gedreht-1.jpg?fit=827%2C827&ssl=1"}}]}},"jetpack_featured_media_url":"https:\/\/i0.wp.com\/www.bettinakletzsch.de\/wordpress\/wp-content\/uploads\/2024\/12\/Bildschirmfoto-2024-12-04-um-15.14.08.png?fit=326%2C278&ssl=1","jetpack_sharing_enabled":true,"_links":{"self":[{"href":"https:\/\/www.bettinakletzsch.de\/en\/wp-json\/wp\/v2\/posts\/3456","targetHints":{"allow":["GET"]}}],"collection":[{"href":"https:\/\/www.bettinakletzsch.de\/en\/wp-json\/wp\/v2\/posts"}],"about":[{"href":"https:\/\/www.bettinakletzsch.de\/en\/wp-json\/wp\/v2\/types\/post"}],"author":[{"embeddable":true,"href":"https:\/\/www.bettinakletzsch.de\/en\/wp-json\/wp\/v2\/users\/3"}],"replies":[{"embeddable":true,"href":"https:\/\/www.bettinakletzsch.de\/en\/wp-json\/wp\/v2\/comments?post=3456"}],"version-history":[{"count":2,"href":"https:\/\/www.bettinakletzsch.de\/en\/wp-json\/wp\/v2\/posts\/3456\/revisions"}],"predecessor-version":[{"id":3465,"href":"https:\/\/www.bettinakletzsch.de\/en\/wp-json\/wp\/v2\/posts\/3456\/revisions\/3465"}],"wp:featuredmedia":[{"embeddable":true,"href":"https:\/\/www.bettinakletzsch.de\/en\/wp-json\/wp\/v2\/media\/3447"}],"wp:attachment":[{"href":"https:\/\/www.bettinakletzsch.de\/en\/wp-json\/wp\/v2\/media?parent=3456"}],"wp:term":[{"taxonomy":"category","embeddable":true,"href":"https:\/\/www.bettinakletzsch.de\/en\/wp-json\/wp\/v2\/categories?post=3456"},{"taxonomy":"post_tag","embeddable":true,"href":"https:\/\/www.bettinakletzsch.de\/en\/wp-json\/wp\/v2\/tags?post=3456"}],"curies":[{"name":"wp","href":"https:\/\/api.w.org\/{rel}","templated":true}]}}