{"id":3395,"date":"2024-05-21T12:57:20","date_gmt":"2024-05-21T10:57:20","guid":{"rendered":"https:\/\/www.bettinakletzsch.de\/?p=3395"},"modified":"2024-05-21T12:57:20","modified_gmt":"2024-05-21T10:57:20","slug":"ohmygoodz-designfestival","status":"publish","type":"post","link":"https:\/\/www.bettinakletzsch.de\/en\/2024\/05\/21\/ohmygoodz-designfestival\/","title":{"rendered":"ohmygoodz-Designfestival"},"content":{"rendered":"<p>Lass dich f\u00fcr ein Wochenende verzaubern. Tauche ein in die Welt der DesignerInnen &#038; K\u00fcnstlerInnen. Auf dem wundersch\u00f6nen Au\u00dfenbereich vom <a href=\"https:\/\/objektkleina.com\/\" target=\"_blank\" rel=\"noopener\">objekt klein a<\/a> erwarten dich am <strong>1 &#038; 2 Juni<\/strong> viele St\u00e4nde zum st\u00f6bern, Workshops, Walk-In Tattoos, ein Foodcorner, Getr\u00e4nke, Angebote f\u00fcr Kinder und vieles mehr.<\/p>\n","protected":false},"excerpt":{"rendered":"<p>Lass dich f\u00fcr ein Wochenende verzaubern. Tauche ein in die Welt der DesignerInnen &#038; K\u00fcnstlerInnen. Auf dem wundersch\u00f6nen Au\u00dfenbereich vom objekt klein a erwarten dich am 1 &#038; 2 Juni viele St\u00e4nde zum st\u00f6bern, Workshops, Walk-In Tattoos, ein Foodcorner, Getr\u00e4nke, Angebote f\u00fcr Kinder und vieles mehr.<\/p>\n","protected":false},"author":3,"featured_media":3397,"comment_status":"closed","ping_status":"open","sticky":false,"template":"","format":"standard","meta":{"h5ap_radio_sources":[],"_jetpack_memberships_contains_paid_content":false,"footnotes":""},"categories":[1],"tags":[7],"class_list":["post-3395","post","type-post","status-publish","format-standard","has-post-thumbnail","hentry","category-news","tag-markt"],"yoast_head":"<!-- This site is optimized with the Yoast SEO plugin v27.5 - https:\/\/yoast.com\/product\/yoast-seo-wordpress\/ -->\n<title>ohmygoodz-Designfestival<\/title>\n<meta name=\"description\" content=\"Bettina Kletzsch -\" \/>\n<meta name=\"robots\" content=\"index, follow, max-snippet:-1, max-image-preview:large, max-video-preview:-1\" \/>\n<link rel=\"canonical\" href=\"https:\/\/www.bettinakletzsch.de\/en\/2024\/05\/21\/ohmygoodz-designfestival\/\" \/>\n<meta property=\"og:locale\" content=\"en_US\" \/>\n<meta property=\"og:locale:alternate\" content=\"de_DE\" \/>\n<meta property=\"og:type\" content=\"article\" \/>\n<meta property=\"og:title\" content=\"ohmygoodz-Designfestival\" \/>\n<meta property=\"og:description\" content=\"Bettina Kletzsch -\" \/>\n<meta property=\"og:url\" content=\"https:\/\/www.bettinakletzsch.de\/en\/2024\/05\/21\/ohmygoodz-designfestival\/\" \/>\n<meta property=\"og:site_name\" content=\"Bettina Kletzsch\" \/>\n<meta property=\"article:published_time\" content=\"2024-05-21T10:57:20+00:00\" \/>\n<meta property=\"og:image\" content=\"https:\/\/www.bettinakletzsch.de\/wordpress\/wp-content\/uploads\/2024\/05\/Bildschirmfoto-2024-05-21-um-12.55.04.png\" \/>\n\t<meta property=\"og:image:width\" content=\"240\" \/>\n\t<meta property=\"og:image:height\" content=\"178\" \/>\n\t<meta property=\"og:image:type\" content=\"image\/png\" \/>\n<meta name=\"author\" content=\"Bettina Kletzsch\" \/>\n<meta name=\"twitter:card\" content=\"summary_large_image\" \/>\n<meta name=\"twitter:label1\" content=\"Written by\" \/>\n\t<meta name=\"twitter:data1\" content=\"Bettina Kletzsch\" \/>\n<script type=\"application\/ld+json\" class=\"yoast-schema-graph\">{\"@context\":\"https:\\\/\\\/schema.org\",\"@graph\":[{\"@type\":\"Article\",\"@id\":\"https:\\\/\\\/www.bettinakletzsch.de\\\/2024\\\/05\\\/21\\\/ohmygoodz-designfestival\\\/#article\",\"isPartOf\":{\"@id\":\"https:\\\/\\\/www.bettinakletzsch.de\\\/2024\\\/05\\\/21\\\/ohmygoodz-designfestival\\\/\"},\"author\":{\"name\":\"Bettina Kletzsch\",\"@id\":\"https:\\\/\\\/www.bettinakletzsch.de\\\/en\\\/#\\\/schema\\\/person\\\/af10bb2613a2a417ba43501dd0db767e\"},\"headline\":\"ohmygoodz-Designfestival\",\"datePublished\":\"2024-05-21T10:57:20+00:00\",\"mainEntityOfPage\":{\"@id\":\"https:\\\/\\\/www.bettinakletzsch.de\\\/2024\\\/05\\\/21\\\/ohmygoodz-designfestival\\\/\"},\"wordCount\":55,\"publisher\":{\"@id\":\"https:\\\/\\\/www.bettinakletzsch.de\\\/en\\\/#\\\/schema\\\/person\\\/af10bb2613a2a417ba43501dd0db767e\"},\"image\":{\"@id\":\"https:\\\/\\\/www.bettinakletzsch.de\\\/2024\\\/05\\\/21\\\/ohmygoodz-designfestival\\\/#primaryimage\"},\"thumbnailUrl\":\"https:\\\/\\\/i0.wp.com\\\/www.bettinakletzsch.de\\\/wordpress\\\/wp-content\\\/uploads\\\/2024\\\/05\\\/Bildschirmfoto-2024-05-21-um-12.55.04.png?fit=240%2C178&ssl=1\",\"keywords\":[\"Fair\"],\"articleSection\":[\"News\"],\"inLanguage\":\"en-US\"},{\"@type\":\"WebPage\",\"@id\":\"https:\\\/\\\/www.bettinakletzsch.de\\\/2024\\\/05\\\/21\\\/ohmygoodz-designfestival\\\/\",\"url\":\"https:\\\/\\\/www.bettinakletzsch.de\\\/2024\\\/05\\\/21\\\/ohmygoodz-designfestival\\\/\",\"name\":\"ohmygoodz-Designfestival\",\"isPartOf\":{\"@id\":\"https:\\\/\\\/www.bettinakletzsch.de\\\/en\\\/#website\"},\"primaryImageOfPage\":{\"@id\":\"https:\\\/\\\/www.bettinakletzsch.de\\\/2024\\\/05\\\/21\\\/ohmygoodz-designfestival\\\/#primaryimage\"},\"image\":{\"@id\":\"https:\\\/\\\/www.bettinakletzsch.de\\\/2024\\\/05\\\/21\\\/ohmygoodz-designfestival\\\/#primaryimage\"},\"thumbnailUrl\":\"https:\\\/\\\/i0.wp.com\\\/www.bettinakletzsch.de\\\/wordpress\\\/wp-content\\\/uploads\\\/2024\\\/05\\\/Bildschirmfoto-2024-05-21-um-12.55.04.png?fit=240%2C178&ssl=1\",\"datePublished\":\"2024-05-21T10:57:20+00:00\",\"description\":\"Bettina Kletzsch -\",\"breadcrumb\":{\"@id\":\"https:\\\/\\\/www.bettinakletzsch.de\\\/2024\\\/05\\\/21\\\/ohmygoodz-designfestival\\\/#breadcrumb\"},\"inLanguage\":\"en-US\",\"potentialAction\":[{\"@type\":\"ReadAction\",\"target\":[\"https:\\\/\\\/www.bettinakletzsch.de\\\/2024\\\/05\\\/21\\\/ohmygoodz-designfestival\\\/\"]}]},{\"@type\":\"ImageObject\",\"inLanguage\":\"en-US\",\"@id\":\"https:\\\/\\\/www.bettinakletzsch.de\\\/2024\\\/05\\\/21\\\/ohmygoodz-designfestival\\\/#primaryimage\",\"url\":\"https:\\\/\\\/i0.wp.com\\\/www.bettinakletzsch.de\\\/wordpress\\\/wp-content\\\/uploads\\\/2024\\\/05\\\/Bildschirmfoto-2024-05-21-um-12.55.04.png?fit=240%2C178&ssl=1\",\"contentUrl\":\"https:\\\/\\\/i0.wp.com\\\/www.bettinakletzsch.de\\\/wordpress\\\/wp-content\\\/uploads\\\/2024\\\/05\\\/Bildschirmfoto-2024-05-21-um-12.55.04.png?fit=240%2C178&ssl=1\",\"width\":240,\"height\":178},{\"@type\":\"BreadcrumbList\",\"@id\":\"https:\\\/\\\/www.bettinakletzsch.de\\\/2024\\\/05\\\/21\\\/ohmygoodz-designfestival\\\/#breadcrumb\",\"itemListElement\":[{\"@type\":\"ListItem\",\"position\":1,\"name\":\"Startseite\",\"item\":\"https:\\\/\\\/www.bettinakletzsch.de\\\/\"},{\"@type\":\"ListItem\",\"position\":2,\"name\":\"ohmygoodz-Designfestival\"}]},{\"@type\":\"WebSite\",\"@id\":\"https:\\\/\\\/www.bettinakletzsch.de\\\/en\\\/#website\",\"url\":\"https:\\\/\\\/www.bettinakletzsch.de\\\/en\\\/\",\"name\":\"Bettina Kletzsch\",\"description\":\"Mixed Mode\",\"publisher\":{\"@id\":\"https:\\\/\\\/www.bettinakletzsch.de\\\/en\\\/#\\\/schema\\\/person\\\/af10bb2613a2a417ba43501dd0db767e\"},\"potentialAction\":[{\"@type\":\"SearchAction\",\"target\":{\"@type\":\"EntryPoint\",\"urlTemplate\":\"https:\\\/\\\/www.bettinakletzsch.de\\\/en\\\/?s={search_term_string}\"},\"query-input\":{\"@type\":\"PropertyValueSpecification\",\"valueRequired\":true,\"valueName\":\"search_term_string\"}}],\"inLanguage\":\"en-US\"},{\"@type\":[\"Person\",\"Organization\"],\"@id\":\"https:\\\/\\\/www.bettinakletzsch.de\\\/en\\\/#\\\/schema\\\/person\\\/af10bb2613a2a417ba43501dd0db767e\",\"name\":\"Bettina Kletzsch\",\"image\":{\"@type\":\"ImageObject\",\"inLanguage\":\"en-US\",\"@id\":\"https:\\\/\\\/i2.wp.com\\\/www.bettinakletzsch.de\\\/wordpress\\\/wp-content\\\/uploads\\\/2020\\\/04\\\/Konfektionshaus_Regenbogen_reduziert_gedreht-1.jpg?fit=827%2C827&ssl=1\",\"url\":\"https:\\\/\\\/i2.wp.com\\\/www.bettinakletzsch.de\\\/wordpress\\\/wp-content\\\/uploads\\\/2020\\\/04\\\/Konfektionshaus_Regenbogen_reduziert_gedreht-1.jpg?fit=827%2C827&ssl=1\",\"contentUrl\":\"https:\\\/\\\/i2.wp.com\\\/www.bettinakletzsch.de\\\/wordpress\\\/wp-content\\\/uploads\\\/2020\\\/04\\\/Konfektionshaus_Regenbogen_reduziert_gedreht-1.jpg?fit=827%2C827&ssl=1\",\"width\":827,\"height\":827,\"caption\":\"Bettina Kletzsch\"},\"logo\":{\"@id\":\"https:\\\/\\\/i2.wp.com\\\/www.bettinakletzsch.de\\\/wordpress\\\/wp-content\\\/uploads\\\/2020\\\/04\\\/Konfektionshaus_Regenbogen_reduziert_gedreht-1.jpg?fit=827%2C827&ssl=1\"}}]}<\/script>\n<!-- \/ Yoast SEO plugin. -->","yoast_head_json":{"title":"ohmygoodz-Designfestival","description":"Bettina Kletzsch -","robots":{"index":"index","follow":"follow","max-snippet":"max-snippet:-1","max-image-preview":"max-image-preview:large","max-video-preview":"max-video-preview:-1"},"canonical":"https:\/\/www.bettinakletzsch.de\/en\/2024\/05\/21\/ohmygoodz-designfestival\/","og_locale":"en_US","og_type":"article","og_title":"[:de]ohmygoodz-Designfestival[:] - Bettina Kletzsch","og_description":"Bettina Kletzsch -","og_url":"https:\/\/www.bettinakletzsch.de\/en\/2024\/05\/21\/ohmygoodz-designfestival\/","og_site_name":"Bettina Kletzsch","article_published_time":"2024-05-21T10:57:20+00:00","og_image":[{"width":240,"height":178,"url":"https:\/\/www.bettinakletzsch.de\/wordpress\/wp-content\/uploads\/2024\/05\/Bildschirmfoto-2024-05-21-um-12.55.04.png","type":"image\/png"}],"author":"Bettina Kletzsch","twitter_card":"summary_large_image","twitter_misc":{"Written by":"Bettina Kletzsch"},"schema":{"@context":"https:\/\/schema.org","@graph":[{"@type":"Article","@id":"https:\/\/www.bettinakletzsch.de\/2024\/05\/21\/ohmygoodz-designfestival\/#article","isPartOf":{"@id":"https:\/\/www.bettinakletzsch.de\/2024\/05\/21\/ohmygoodz-designfestival\/"},"author":{"name":"Bettina Kletzsch","@id":"https:\/\/www.bettinakletzsch.de\/en\/#\/schema\/person\/af10bb2613a2a417ba43501dd0db767e"},"headline":"ohmygoodz-Designfestival","datePublished":"2024-05-21T10:57:20+00:00","mainEntityOfPage":{"@id":"https:\/\/www.bettinakletzsch.de\/2024\/05\/21\/ohmygoodz-designfestival\/"},"wordCount":55,"publisher":{"@id":"https:\/\/www.bettinakletzsch.de\/en\/#\/schema\/person\/af10bb2613a2a417ba43501dd0db767e"},"image":{"@id":"https:\/\/www.bettinakletzsch.de\/2024\/05\/21\/ohmygoodz-designfestival\/#primaryimage"},"thumbnailUrl":"https:\/\/i0.wp.com\/www.bettinakletzsch.de\/wordpress\/wp-content\/uploads\/2024\/05\/Bildschirmfoto-2024-05-21-um-12.55.04.png?fit=240%2C178&ssl=1","keywords":["Fair"],"articleSection":["News"],"inLanguage":"en-US"},{"@type":"WebPage","@id":"https:\/\/www.bettinakletzsch.de\/2024\/05\/21\/ohmygoodz-designfestival\/","url":"https:\/\/www.bettinakletzsch.de\/2024\/05\/21\/ohmygoodz-designfestival\/","name":"ohmygoodz-Designfestival","isPartOf":{"@id":"https:\/\/www.bettinakletzsch.de\/en\/#website"},"primaryImageOfPage":{"@id":"https:\/\/www.bettinakletzsch.de\/2024\/05\/21\/ohmygoodz-designfestival\/#primaryimage"},"image":{"@id":"https:\/\/www.bettinakletzsch.de\/2024\/05\/21\/ohmygoodz-designfestival\/#primaryimage"},"thumbnailUrl":"https:\/\/i0.wp.com\/www.bettinakletzsch.de\/wordpress\/wp-content\/uploads\/2024\/05\/Bildschirmfoto-2024-05-21-um-12.55.04.png?fit=240%2C178&ssl=1","datePublished":"2024-05-21T10:57:20+00:00","description":"Bettina Kletzsch -","breadcrumb":{"@id":"https:\/\/www.bettinakletzsch.de\/2024\/05\/21\/ohmygoodz-designfestival\/#breadcrumb"},"inLanguage":"en-US","potentialAction":[{"@type":"ReadAction","target":["https:\/\/www.bettinakletzsch.de\/2024\/05\/21\/ohmygoodz-designfestival\/"]}]},{"@type":"ImageObject","inLanguage":"en-US","@id":"https:\/\/www.bettinakletzsch.de\/2024\/05\/21\/ohmygoodz-designfestival\/#primaryimage","url":"https:\/\/i0.wp.com\/www.bettinakletzsch.de\/wordpress\/wp-content\/uploads\/2024\/05\/Bildschirmfoto-2024-05-21-um-12.55.04.png?fit=240%2C178&ssl=1","contentUrl":"https:\/\/i0.wp.com\/www.bettinakletzsch.de\/wordpress\/wp-content\/uploads\/2024\/05\/Bildschirmfoto-2024-05-21-um-12.55.04.png?fit=240%2C178&ssl=1","width":240,"height":178},{"@type":"BreadcrumbList","@id":"https:\/\/www.bettinakletzsch.de\/2024\/05\/21\/ohmygoodz-designfestival\/#breadcrumb","itemListElement":[{"@type":"ListItem","position":1,"name":"Startseite","item":"https:\/\/www.bettinakletzsch.de\/"},{"@type":"ListItem","position":2,"name":"ohmygoodz-Designfestival"}]},{"@type":"WebSite","@id":"https:\/\/www.bettinakletzsch.de\/en\/#website","url":"https:\/\/www.bettinakletzsch.de\/en\/","name":"Bettina Kletzsch","description":"Mixed Mode","publisher":{"@id":"https:\/\/www.bettinakletzsch.de\/en\/#\/schema\/person\/af10bb2613a2a417ba43501dd0db767e"},"potentialAction":[{"@type":"SearchAction","target":{"@type":"EntryPoint","urlTemplate":"https:\/\/www.bettinakletzsch.de\/en\/?s={search_term_string}"},"query-input":{"@type":"PropertyValueSpecification","valueRequired":true,"valueName":"search_term_string"}}],"inLanguage":"en-US"},{"@type":["Person","Organization"],"@id":"https:\/\/www.bettinakletzsch.de\/en\/#\/schema\/person\/af10bb2613a2a417ba43501dd0db767e","name":"Bettina Kletzsch","image":{"@type":"ImageObject","inLanguage":"en-US","@id":"https:\/\/i2.wp.com\/www.bettinakletzsch.de\/wordpress\/wp-content\/uploads\/2020\/04\/Konfektionshaus_Regenbogen_reduziert_gedreht-1.jpg?fit=827%2C827&ssl=1","url":"https:\/\/i2.wp.com\/www.bettinakletzsch.de\/wordpress\/wp-content\/uploads\/2020\/04\/Konfektionshaus_Regenbogen_reduziert_gedreht-1.jpg?fit=827%2C827&ssl=1","contentUrl":"https:\/\/i2.wp.com\/www.bettinakletzsch.de\/wordpress\/wp-content\/uploads\/2020\/04\/Konfektionshaus_Regenbogen_reduziert_gedreht-1.jpg?fit=827%2C827&ssl=1","width":827,"height":827,"caption":"Bettina Kletzsch"},"logo":{"@id":"https:\/\/i2.wp.com\/www.bettinakletzsch.de\/wordpress\/wp-content\/uploads\/2020\/04\/Konfektionshaus_Regenbogen_reduziert_gedreht-1.jpg?fit=827%2C827&ssl=1"}}]}},"jetpack_featured_media_url":"https:\/\/i0.wp.com\/www.bettinakletzsch.de\/wordpress\/wp-content\/uploads\/2024\/05\/Bildschirmfoto-2024-05-21-um-12.55.04.png?fit=240%2C178&ssl=1","jetpack_sharing_enabled":true,"_links":{"self":[{"href":"https:\/\/www.bettinakletzsch.de\/en\/wp-json\/wp\/v2\/posts\/3395","targetHints":{"allow":["GET"]}}],"collection":[{"href":"https:\/\/www.bettinakletzsch.de\/en\/wp-json\/wp\/v2\/posts"}],"about":[{"href":"https:\/\/www.bettinakletzsch.de\/en\/wp-json\/wp\/v2\/types\/post"}],"author":[{"embeddable":true,"href":"https:\/\/www.bettinakletzsch.de\/en\/wp-json\/wp\/v2\/users\/3"}],"replies":[{"embeddable":true,"href":"https:\/\/www.bettinakletzsch.de\/en\/wp-json\/wp\/v2\/comments?post=3395"}],"version-history":[{"count":2,"href":"https:\/\/www.bettinakletzsch.de\/en\/wp-json\/wp\/v2\/posts\/3395\/revisions"}],"predecessor-version":[{"id":3398,"href":"https:\/\/www.bettinakletzsch.de\/en\/wp-json\/wp\/v2\/posts\/3395\/revisions\/3398"}],"wp:featuredmedia":[{"embeddable":true,"href":"https:\/\/www.bettinakletzsch.de\/en\/wp-json\/wp\/v2\/media\/3397"}],"wp:attachment":[{"href":"https:\/\/www.bettinakletzsch.de\/en\/wp-json\/wp\/v2\/media?parent=3395"}],"wp:term":[{"taxonomy":"category","embeddable":true,"href":"https:\/\/www.bettinakletzsch.de\/en\/wp-json\/wp\/v2\/categories?post=3395"},{"taxonomy":"post_tag","embeddable":true,"href":"https:\/\/www.bettinakletzsch.de\/en\/wp-json\/wp\/v2\/tags?post=3395"}],"curies":[{"name":"wp","href":"https:\/\/api.w.org\/{rel}","templated":true}]}}