{"id":2596,"date":"2021-02-22T13:54:58","date_gmt":"2021-02-22T12:54:58","guid":{"rendered":"https:\/\/www.bettinakletzsch.de\/?p=2596"},"modified":"2021-09-10T21:46:35","modified_gmt":"2021-09-10T19:46:35","slug":"neue-maerke-erschliessen-das-hoerstueck","status":"publish","type":"post","link":"https:\/\/www.bettinakletzsch.de\/en\/2021\/02\/22\/neue-maerke-erschliessen-das-hoerstueck\/","title":{"rendered":"Neue M\u00e4rke erschlie\u00dfen &#8211; audio piece"},"content":{"rendered":"<div\n    id=\"h5ap-player-1\"\n    data-id=\"h5ap-player-1\"\n    data-attributes=\"{&quot;uniqueId&quot;:&quot;player2906&quot;,&quot;clientId&quot;:&quot;&quot;,&quot;align&quot;:&quot;&quot;,&quot;alignment&quot;:&quot;left&quot;,&quot;source&quot;:&quot;https:\\\/\\\/www.bettinakletzsch.de\\\/wordpress\\\/wp-content\\\/uploads\\\/2021\\\/09\\\/Kletzsch-Bettina_2020_Neue-Maerkte-erschliessen_22.21.mp3&quot;,&quot;color&quot;:&quot;#fff&quot;,&quot;textColor&quot;:&quot;#fff&quot;,&quot;primaryColor&quot;:&quot;#195FF5&quot;,&quot;hoverColor&quot;:&quot;#00B3FF&quot;,&quot;controlColor&quot;:&quot;#4a5464&quot;,&quot;bgColor&quot;:&quot;#f2f2f2&quot;,&quot;skin&quot;:&quot;Default&quot;,&quot;repeat&quot;:false,&quot;autoplay&quot;:false,&quot;isSticky&quot;:false,&quot;muted&quot;:false,&quot;loader&quot;:false,&quot;saveState&quot;:false,&quot;disablePause&quot;:false,&quot;seekTime&quot;:10,&quot;startTime&quot;:0,&quot;preload&quot;:&quot;metadata&quot;,&quot;download&quot;:false,&quot;width&quot;:&quot;100%&quot;,&quot;radius&quot;:&quot;5px&quot;,&quot;controls&quot;:{&quot;play&quot;:true,&quot;progress&quot;:true,&quot;current-time&quot;:true,&quot;duration&quot;:true,&quot;mute&quot;:true,&quot;volume&quot;:true},&quot;CSS&quot;:&quot;&quot;,&quot;i18n&quot;:{&quot;restart&quot;:&quot;Restart&quot;,&quot;rewind&quot;:&quot;Rewind {seektime}s&quot;,&quot;play&quot;:&quot;Play&quot;,&quot;pause&quot;:&quot;Pause&quot;,&quot;fastForward:&quot;:&quot;Forward {seektime}s&quot;,&quot;seek&quot;:&quot;Seek&quot;,&quot;seekLabel&quot;:&quot;{currentTime} of {duration}&quot;,&quot;played&quot;:&quot;Played&quot;,&quot;buffered&quot;:&quot;Buffered&quot;,&quot;currentTime:&quot;:&quot;Current time&quot;,&quot;duration&quot;:&quot;Duration&quot;,&quot;volume&quot;:&quot;Volume&quot;,&quot;mute&quot;:&quot;Mute&quot;,&quot;unmute&quot;:&quot;Unmute&quot;,&quot;enableCaptions&quot;:&quot;Enable captions&quot;,&quot;disableCaptions&quot;:&quot;Disable captions&quot;,&quot;download&quot;:&quot;Download&quot;,&quot;enterFullscreen&quot;:&quot;Enter fullscreen&quot;,&quot;exitFullscreen&quot;:&quot;Exit fullscreen&quot;,&quot;frameTitle&quot;:&quot;Player for {title}&quot;,&quot;captions&quot;:&quot;Captions&quot;,&quot;settings&quot;:&quot;Settings&quot;,&quot;pip&quot;:&quot;PIP&quot;,&quot;menuBack&quot;:&quot;Go back to previous menu&quot;,&quot;speed&quot;:&quot;Speed&quot;,&quot;normal&quot;:&quot;Normal&quot;,&quot;quality&quot;:&quot;Quality&quot;,&quot;loop&quot;:&quot;Loop&quot;,&quot;start&quot;:&quot;Start&quot;,&quot;end&quot;:&quot;End&quot;,&quot;all&quot;:&quot;All&quot;,&quot;reset&quot;:&quot;Reset&quot;,&quot;disabled&quot;:&quot;Disabled&quot;,&quot;enabled&quot;:&quot;Enabled&quot;,&quot;advertisement&quot;:&quot;Ad&quot;,&quot;qualityBadge&quot;:{&quot;2160&quot;:&quot;4K&quot;,&quot;1440&quot;:&quot;HD&quot;,&quot;1080&quot;:&quot;HD&quot;,&quot;720&quot;:&quot;HD&quot;,&quot;576&quot;:&quot;SD&quot;,&quot;480&quot;:&quot;SD&quot;}},&quot;poster&quot;:&quot;&quot;,&quot;title&quot;:&quot;audio title&quot;,&quot;artist&quot;:&quot;&quot;,&quot;speed&quot;:{&quot;selected&quot;:1,&quot;speed&quot;:[&quot;0.5&quot;,&quot; 0.75&quot;,&quot; 1&quot;,&quot; 1.25&quot;,&quot; 1.5&quot;,&quot; 1.75&quot;,&quot; 2&quot;,&quot; 4&quot;,&quot; 8&quot;]},&quot;multiple_audio&quot;:false,&quot;defaultValue&quot;:{&quot;Default&quot;:{&quot;primaryColor&quot;:&quot;#4A5464&quot;,&quot;controlColor&quot;:&quot;#4A5464&quot;,&quot;bgColor&quot;:&quot;#F5F5F5&quot;},&quot;Fusion&quot;:{&quot;primaryColor&quot;:&quot;#fff&quot;,&quot;bgColor&quot;:&quot;#161616&quot;,&quot;controlColor&quot;:&quot;#fff&quot;},&quot;Stamp&quot;:{&quot;controlColor&quot;:&quot;#fff&quot;,&quot;bgColor&quot;:&quot;#161616&quot;},&quot;Wave&quot;:{&quot;primaryColor&quot;:&quot;#fff&quot;,&quot;controlColor&quot;:&quot;#fff&quot;,&quot;bgColor&quot;:&quot;#161616&quot;,&quot;textColor&quot;:&quot;#fff&quot;},&quot;Card-1&quot;:{&quot;primaryColor&quot;:&quot;#fff&quot;,&quot;controlColor&quot;:&quot;#161616&quot;,&quot;bgColor&quot;:&quot;#161616&quot;,&quot;textColor&quot;:&quot;#fff&quot;},&quot;Card-2&quot;:{&quot;primaryColor&quot;:&quot;#00FBF3&quot;,&quot;controlColor&quot;:&quot;#fff&quot;,&quot;bgColor&quot;:&quot;#161616&quot;,&quot;textColor&quot;:&quot;#fff&quot;},&quot;Simple-1&quot;:{&quot;primaryColor&quot;:&quot;#00dcff&quot;,&quot;controlColor&quot;:&quot;#fff&quot;,&quot;bgColor&quot;:&quot;#161616&quot;,&quot;textColor&quot;:&quot;#00dcff&quot;},&quot;Simple-2&quot;:{&quot;primaryColor&quot;:&quot;#06F7FF00&quot;,&quot;controlColor&quot;:&quot;#fff&quot;,&quot;bgColor&quot;:&quot;#161616&quot;},&quot;Player9&quot;:{&quot;primaryColor&quot;:&quot;#195FF6&quot;,&quot;controlColor&quot;:&quot;#fff&quot;,&quot;bgColor&quot;:&quot;#161616&quot;,&quot;textColor&quot;:&quot;#EDEFF2&quot;},&quot;Player10&quot;:{&quot;primaryColor&quot;:&quot;#195FF6&quot;,&quot;controlColor&quot;:&quot;#fff&quot;,&quot;bgColor&quot;:&quot;#161616&quot;,&quot;textColor&quot;:&quot;#EDEFF2&quot;},&quot;Player11&quot;:{&quot;primaryColor&quot;:&quot;#195FF6&quot;,&quot;controlColor&quot;:&quot;#fff&quot;,&quot;bgColor&quot;:&quot;#161616&quot;,&quot;textColor&quot;:&quot;#fff&quot;}}}\"\n    class=\"wp-block-h5ap-tailwind wp-block-h5ap-audioplayer\">\n    <\/div>\n<p>Fashion designer Bettina Kletzsch visits the weekly market in Bischofswerda with radio artist Konrad Behr. Tracing the history of the Kletzsch family, they observe and comment on the hustle and bustle of the market and engage in conversation with the people.<br \/>\nThey are surprised by detailed descriptions of the clothes that were bought in the Kletzsch fashion house at the time &#8211; delve into memories of camping vacations and offer hand-carved socks from the Erzgebirge for sale.<\/p>\n<p>Produktion: Bettina Kletzsch, Konrad Behr, 2020<br \/>\nRegie: Bettina Kletzsch<br \/>\nCut: Bettina Kletzsch, Konrad Behr<br \/>\nSound: Konrad Behr<br \/>\nSounds tents tearing: Dorothee Kletzsch<br \/>\nMorderation: Magarete Kiss<br \/>\nThanks: The creation of this work was made possible by a grant from the Cultural Foundation of the Free State of Saxony<\/p>\n","protected":false},"excerpt":{"rendered":"<p>Fashion designer Bettina Kletzsch visits the weekly market in Bischofswerda with radio artist Konrad Behr. Tracing the history of the Kletzsch family, they observe and comment on the hustle and bustle of the market and engage in conversation with the people. They are surprised by detailed descriptions of the clothes that were bought in the <a href=\"https:\/\/www.bettinakletzsch.de\/en\/2021\/02\/22\/neue-maerke-erschliessen-das-hoerstueck\/\" class=\"more-link\">&#8230;<span class=\"screen-reader-text\">  Neue M\u00e4rke erschlie\u00dfen &#8211; audio piece<\/span><\/a><\/p>\n","protected":false},"author":3,"featured_media":2597,"comment_status":"closed","ping_status":"open","sticky":false,"template":"","format":"standard","meta":{"h5ap_radio_sources":[],"_jetpack_memberships_contains_paid_content":false,"footnotes":""},"categories":[1,4],"tags":[20],"class_list":["post-2596","post","type-post","status-publish","format-standard","has-post-thumbnail","hentry","category-news","category-projekte","tag-intervention"],"yoast_head":"<!-- This site is optimized with the Yoast SEO plugin v27.5 - https:\/\/yoast.com\/product\/yoast-seo-wordpress\/ -->\n<title>Neue M\u00e4rke erschlie\u00dfen - audio piece<\/title>\n<meta name=\"description\" content=\"Bettina Kletzsch -\" \/>\n<meta name=\"robots\" content=\"index, follow, max-snippet:-1, max-image-preview:large, max-video-preview:-1\" \/>\n<link rel=\"canonical\" href=\"https:\/\/www.bettinakletzsch.de\/en\/2021\/02\/22\/neue-maerke-erschliessen-das-hoerstueck\/\" \/>\n<meta property=\"og:locale\" content=\"en_US\" \/>\n<meta property=\"og:locale:alternate\" content=\"de_DE\" \/>\n<meta property=\"og:type\" content=\"article\" \/>\n<meta property=\"og:title\" content=\"Neue M\u00e4rke erschlie\u00dfen - audio piece\" \/>\n<meta property=\"og:description\" content=\"Bettina Kletzsch -\" \/>\n<meta property=\"og:url\" content=\"https:\/\/www.bettinakletzsch.de\/en\/2021\/02\/22\/neue-maerke-erschliessen-das-hoerstueck\/\" \/>\n<meta property=\"og:site_name\" content=\"Bettina Kletzsch\" \/>\n<meta property=\"article:published_time\" content=\"2021-02-22T12:54:58+00:00\" \/>\n<meta property=\"article:modified_time\" content=\"2021-09-10T19:46:35+00:00\" \/>\n<meta property=\"og:image\" content=\"https:\/\/i2.wp.com\/www.bettinakletzsch.de\/wordpress\/wp-content\/uploads\/2021\/02\/200911_bischofswerda_wochenmarkt_DSC4255_konrad-behr.jpg?fit=1114%2C1669&ssl=1\" \/>\n\t<meta property=\"og:image:width\" content=\"1114\" \/>\n\t<meta property=\"og:image:height\" content=\"1669\" \/>\n\t<meta property=\"og:image:type\" content=\"image\/jpeg\" \/>\n<meta name=\"author\" content=\"Bettina Kletzsch\" \/>\n<meta name=\"twitter:card\" content=\"summary_large_image\" \/>\n<meta name=\"twitter:label1\" content=\"Written by\" \/>\n\t<meta name=\"twitter:data1\" content=\"Bettina Kletzsch\" \/>\n\t<meta name=\"twitter:label2\" content=\"Est. reading time\" \/>\n\t<meta name=\"twitter:data2\" content=\"1 minute\" \/>\n<script type=\"application\/ld+json\" class=\"yoast-schema-graph\">{\"@context\":\"https:\\\/\\\/schema.org\",\"@graph\":[{\"@type\":\"Article\",\"@id\":\"https:\\\/\\\/www.bettinakletzsch.de\\\/2021\\\/02\\\/22\\\/neue-maerke-erschliessen-das-hoerstueck\\\/#article\",\"isPartOf\":{\"@id\":\"https:\\\/\\\/www.bettinakletzsch.de\\\/2021\\\/02\\\/22\\\/neue-maerke-erschliessen-das-hoerstueck\\\/\"},\"author\":{\"name\":\"Bettina Kletzsch\",\"@id\":\"https:\\\/\\\/www.bettinakletzsch.de\\\/en\\\/#\\\/schema\\\/person\\\/af10bb2613a2a417ba43501dd0db767e\"},\"headline\":\"Neue M\u00e4rke erschlie\u00dfen &#8211; audio piece\",\"datePublished\":\"2021-02-22T12:54:58+00:00\",\"dateModified\":\"2021-09-10T19:46:35+00:00\",\"mainEntityOfPage\":{\"@id\":\"https:\\\/\\\/www.bettinakletzsch.de\\\/2021\\\/02\\\/22\\\/neue-maerke-erschliessen-das-hoerstueck\\\/\"},\"wordCount\":261,\"publisher\":{\"@id\":\"https:\\\/\\\/www.bettinakletzsch.de\\\/en\\\/#\\\/schema\\\/person\\\/af10bb2613a2a417ba43501dd0db767e\"},\"image\":{\"@id\":\"https:\\\/\\\/www.bettinakletzsch.de\\\/2021\\\/02\\\/22\\\/neue-maerke-erschliessen-das-hoerstueck\\\/#primaryimage\"},\"thumbnailUrl\":\"https:\\\/\\\/i0.wp.com\\\/www.bettinakletzsch.de\\\/wordpress\\\/wp-content\\\/uploads\\\/2021\\\/02\\\/200911_bischofswerda_wochenmarkt_DSC4255_konrad-behr.jpg?fit=1114%2C1669&ssl=1\",\"keywords\":[\"Intervention\"],\"articleSection\":[\"News\",\"Projects\"],\"inLanguage\":\"en-US\"},{\"@type\":\"WebPage\",\"@id\":\"https:\\\/\\\/www.bettinakletzsch.de\\\/2021\\\/02\\\/22\\\/neue-maerke-erschliessen-das-hoerstueck\\\/\",\"url\":\"https:\\\/\\\/www.bettinakletzsch.de\\\/2021\\\/02\\\/22\\\/neue-maerke-erschliessen-das-hoerstueck\\\/\",\"name\":\"Neue M\u00e4rke erschlie\u00dfen - audio piece\",\"isPartOf\":{\"@id\":\"https:\\\/\\\/www.bettinakletzsch.de\\\/en\\\/#website\"},\"primaryImageOfPage\":{\"@id\":\"https:\\\/\\\/www.bettinakletzsch.de\\\/2021\\\/02\\\/22\\\/neue-maerke-erschliessen-das-hoerstueck\\\/#primaryimage\"},\"image\":{\"@id\":\"https:\\\/\\\/www.bettinakletzsch.de\\\/2021\\\/02\\\/22\\\/neue-maerke-erschliessen-das-hoerstueck\\\/#primaryimage\"},\"thumbnailUrl\":\"https:\\\/\\\/i0.wp.com\\\/www.bettinakletzsch.de\\\/wordpress\\\/wp-content\\\/uploads\\\/2021\\\/02\\\/200911_bischofswerda_wochenmarkt_DSC4255_konrad-behr.jpg?fit=1114%2C1669&ssl=1\",\"datePublished\":\"2021-02-22T12:54:58+00:00\",\"dateModified\":\"2021-09-10T19:46:35+00:00\",\"description\":\"Bettina Kletzsch -\",\"breadcrumb\":{\"@id\":\"https:\\\/\\\/www.bettinakletzsch.de\\\/2021\\\/02\\\/22\\\/neue-maerke-erschliessen-das-hoerstueck\\\/#breadcrumb\"},\"inLanguage\":\"en-US\",\"potentialAction\":[{\"@type\":\"ReadAction\",\"target\":[\"https:\\\/\\\/www.bettinakletzsch.de\\\/2021\\\/02\\\/22\\\/neue-maerke-erschliessen-das-hoerstueck\\\/\"]}]},{\"@type\":\"ImageObject\",\"inLanguage\":\"en-US\",\"@id\":\"https:\\\/\\\/www.bettinakletzsch.de\\\/2021\\\/02\\\/22\\\/neue-maerke-erschliessen-das-hoerstueck\\\/#primaryimage\",\"url\":\"https:\\\/\\\/i0.wp.com\\\/www.bettinakletzsch.de\\\/wordpress\\\/wp-content\\\/uploads\\\/2021\\\/02\\\/200911_bischofswerda_wochenmarkt_DSC4255_konrad-behr.jpg?fit=1114%2C1669&ssl=1\",\"contentUrl\":\"https:\\\/\\\/i0.wp.com\\\/www.bettinakletzsch.de\\\/wordpress\\\/wp-content\\\/uploads\\\/2021\\\/02\\\/200911_bischofswerda_wochenmarkt_DSC4255_konrad-behr.jpg?fit=1114%2C1669&ssl=1\",\"width\":1114,\"height\":1669},{\"@type\":\"BreadcrumbList\",\"@id\":\"https:\\\/\\\/www.bettinakletzsch.de\\\/2021\\\/02\\\/22\\\/neue-maerke-erschliessen-das-hoerstueck\\\/#breadcrumb\",\"itemListElement\":[{\"@type\":\"ListItem\",\"position\":1,\"name\":\"Startseite\",\"item\":\"https:\\\/\\\/www.bettinakletzsch.de\\\/\"},{\"@type\":\"ListItem\",\"position\":2,\"name\":\"Neue M\u00e4rke erschlie\u00dfen &#8211; Das H\u00f6rst\u00fcck\"}]},{\"@type\":\"WebSite\",\"@id\":\"https:\\\/\\\/www.bettinakletzsch.de\\\/en\\\/#website\",\"url\":\"https:\\\/\\\/www.bettinakletzsch.de\\\/en\\\/\",\"name\":\"Bettina Kletzsch\",\"description\":\"Mixed Mode\",\"publisher\":{\"@id\":\"https:\\\/\\\/www.bettinakletzsch.de\\\/en\\\/#\\\/schema\\\/person\\\/af10bb2613a2a417ba43501dd0db767e\"},\"potentialAction\":[{\"@type\":\"SearchAction\",\"target\":{\"@type\":\"EntryPoint\",\"urlTemplate\":\"https:\\\/\\\/www.bettinakletzsch.de\\\/en\\\/?s={search_term_string}\"},\"query-input\":{\"@type\":\"PropertyValueSpecification\",\"valueRequired\":true,\"valueName\":\"search_term_string\"}}],\"inLanguage\":\"en-US\"},{\"@type\":[\"Person\",\"Organization\"],\"@id\":\"https:\\\/\\\/www.bettinakletzsch.de\\\/en\\\/#\\\/schema\\\/person\\\/af10bb2613a2a417ba43501dd0db767e\",\"name\":\"Bettina Kletzsch\",\"image\":{\"@type\":\"ImageObject\",\"inLanguage\":\"en-US\",\"@id\":\"https:\\\/\\\/i2.wp.com\\\/www.bettinakletzsch.de\\\/wordpress\\\/wp-content\\\/uploads\\\/2020\\\/04\\\/Konfektionshaus_Regenbogen_reduziert_gedreht-1.jpg?fit=827%2C827&ssl=1\",\"url\":\"https:\\\/\\\/i2.wp.com\\\/www.bettinakletzsch.de\\\/wordpress\\\/wp-content\\\/uploads\\\/2020\\\/04\\\/Konfektionshaus_Regenbogen_reduziert_gedreht-1.jpg?fit=827%2C827&ssl=1\",\"contentUrl\":\"https:\\\/\\\/i2.wp.com\\\/www.bettinakletzsch.de\\\/wordpress\\\/wp-content\\\/uploads\\\/2020\\\/04\\\/Konfektionshaus_Regenbogen_reduziert_gedreht-1.jpg?fit=827%2C827&ssl=1\",\"width\":827,\"height\":827,\"caption\":\"Bettina Kletzsch\"},\"logo\":{\"@id\":\"https:\\\/\\\/i2.wp.com\\\/www.bettinakletzsch.de\\\/wordpress\\\/wp-content\\\/uploads\\\/2020\\\/04\\\/Konfektionshaus_Regenbogen_reduziert_gedreht-1.jpg?fit=827%2C827&ssl=1\"}}]}<\/script>\n<!-- \/ Yoast SEO plugin. -->","yoast_head_json":{"title":"Neue M\u00e4rke erschlie\u00dfen - audio piece","description":"Bettina Kletzsch -","robots":{"index":"index","follow":"follow","max-snippet":"max-snippet:-1","max-image-preview":"max-image-preview:large","max-video-preview":"max-video-preview:-1"},"canonical":"https:\/\/www.bettinakletzsch.de\/en\/2021\/02\/22\/neue-maerke-erschliessen-das-hoerstueck\/","og_locale":"en_US","og_type":"article","og_title":"[:de]Neue M\u00e4rke erschlie\u00dfen - Das H\u00f6rst\u00fcck[:en]Neue M\u00e4rke erschlie\u00dfen - audio piece[:] - Bettina Kletzsch","og_description":"Bettina Kletzsch -","og_url":"https:\/\/www.bettinakletzsch.de\/en\/2021\/02\/22\/neue-maerke-erschliessen-das-hoerstueck\/","og_site_name":"Bettina Kletzsch","article_published_time":"2021-02-22T12:54:58+00:00","article_modified_time":"2021-09-10T19:46:35+00:00","og_image":[{"width":1114,"height":1669,"url":"https:\/\/i2.wp.com\/www.bettinakletzsch.de\/wordpress\/wp-content\/uploads\/2021\/02\/200911_bischofswerda_wochenmarkt_DSC4255_konrad-behr.jpg?fit=1114%2C1669&ssl=1","type":"image\/jpeg"}],"author":"Bettina Kletzsch","twitter_card":"summary_large_image","twitter_misc":{"Written by":"Bettina Kletzsch","Est. reading time":"1 minute"},"schema":{"@context":"https:\/\/schema.org","@graph":[{"@type":"Article","@id":"https:\/\/www.bettinakletzsch.de\/2021\/02\/22\/neue-maerke-erschliessen-das-hoerstueck\/#article","isPartOf":{"@id":"https:\/\/www.bettinakletzsch.de\/2021\/02\/22\/neue-maerke-erschliessen-das-hoerstueck\/"},"author":{"name":"Bettina Kletzsch","@id":"https:\/\/www.bettinakletzsch.de\/en\/#\/schema\/person\/af10bb2613a2a417ba43501dd0db767e"},"headline":"Neue M\u00e4rke erschlie\u00dfen &#8211; audio piece","datePublished":"2021-02-22T12:54:58+00:00","dateModified":"2021-09-10T19:46:35+00:00","mainEntityOfPage":{"@id":"https:\/\/www.bettinakletzsch.de\/2021\/02\/22\/neue-maerke-erschliessen-das-hoerstueck\/"},"wordCount":261,"publisher":{"@id":"https:\/\/www.bettinakletzsch.de\/en\/#\/schema\/person\/af10bb2613a2a417ba43501dd0db767e"},"image":{"@id":"https:\/\/www.bettinakletzsch.de\/2021\/02\/22\/neue-maerke-erschliessen-das-hoerstueck\/#primaryimage"},"thumbnailUrl":"https:\/\/i0.wp.com\/www.bettinakletzsch.de\/wordpress\/wp-content\/uploads\/2021\/02\/200911_bischofswerda_wochenmarkt_DSC4255_konrad-behr.jpg?fit=1114%2C1669&ssl=1","keywords":["Intervention"],"articleSection":["News","Projects"],"inLanguage":"en-US"},{"@type":"WebPage","@id":"https:\/\/www.bettinakletzsch.de\/2021\/02\/22\/neue-maerke-erschliessen-das-hoerstueck\/","url":"https:\/\/www.bettinakletzsch.de\/2021\/02\/22\/neue-maerke-erschliessen-das-hoerstueck\/","name":"Neue M\u00e4rke erschlie\u00dfen - audio piece","isPartOf":{"@id":"https:\/\/www.bettinakletzsch.de\/en\/#website"},"primaryImageOfPage":{"@id":"https:\/\/www.bettinakletzsch.de\/2021\/02\/22\/neue-maerke-erschliessen-das-hoerstueck\/#primaryimage"},"image":{"@id":"https:\/\/www.bettinakletzsch.de\/2021\/02\/22\/neue-maerke-erschliessen-das-hoerstueck\/#primaryimage"},"thumbnailUrl":"https:\/\/i0.wp.com\/www.bettinakletzsch.de\/wordpress\/wp-content\/uploads\/2021\/02\/200911_bischofswerda_wochenmarkt_DSC4255_konrad-behr.jpg?fit=1114%2C1669&ssl=1","datePublished":"2021-02-22T12:54:58+00:00","dateModified":"2021-09-10T19:46:35+00:00","description":"Bettina Kletzsch -","breadcrumb":{"@id":"https:\/\/www.bettinakletzsch.de\/2021\/02\/22\/neue-maerke-erschliessen-das-hoerstueck\/#breadcrumb"},"inLanguage":"en-US","potentialAction":[{"@type":"ReadAction","target":["https:\/\/www.bettinakletzsch.de\/2021\/02\/22\/neue-maerke-erschliessen-das-hoerstueck\/"]}]},{"@type":"ImageObject","inLanguage":"en-US","@id":"https:\/\/www.bettinakletzsch.de\/2021\/02\/22\/neue-maerke-erschliessen-das-hoerstueck\/#primaryimage","url":"https:\/\/i0.wp.com\/www.bettinakletzsch.de\/wordpress\/wp-content\/uploads\/2021\/02\/200911_bischofswerda_wochenmarkt_DSC4255_konrad-behr.jpg?fit=1114%2C1669&ssl=1","contentUrl":"https:\/\/i0.wp.com\/www.bettinakletzsch.de\/wordpress\/wp-content\/uploads\/2021\/02\/200911_bischofswerda_wochenmarkt_DSC4255_konrad-behr.jpg?fit=1114%2C1669&ssl=1","width":1114,"height":1669},{"@type":"BreadcrumbList","@id":"https:\/\/www.bettinakletzsch.de\/2021\/02\/22\/neue-maerke-erschliessen-das-hoerstueck\/#breadcrumb","itemListElement":[{"@type":"ListItem","position":1,"name":"Startseite","item":"https:\/\/www.bettinakletzsch.de\/"},{"@type":"ListItem","position":2,"name":"Neue M\u00e4rke erschlie\u00dfen &#8211; Das H\u00f6rst\u00fcck"}]},{"@type":"WebSite","@id":"https:\/\/www.bettinakletzsch.de\/en\/#website","url":"https:\/\/www.bettinakletzsch.de\/en\/","name":"Bettina Kletzsch","description":"Mixed Mode","publisher":{"@id":"https:\/\/www.bettinakletzsch.de\/en\/#\/schema\/person\/af10bb2613a2a417ba43501dd0db767e"},"potentialAction":[{"@type":"SearchAction","target":{"@type":"EntryPoint","urlTemplate":"https:\/\/www.bettinakletzsch.de\/en\/?s={search_term_string}"},"query-input":{"@type":"PropertyValueSpecification","valueRequired":true,"valueName":"search_term_string"}}],"inLanguage":"en-US"},{"@type":["Person","Organization"],"@id":"https:\/\/www.bettinakletzsch.de\/en\/#\/schema\/person\/af10bb2613a2a417ba43501dd0db767e","name":"Bettina Kletzsch","image":{"@type":"ImageObject","inLanguage":"en-US","@id":"https:\/\/i2.wp.com\/www.bettinakletzsch.de\/wordpress\/wp-content\/uploads\/2020\/04\/Konfektionshaus_Regenbogen_reduziert_gedreht-1.jpg?fit=827%2C827&ssl=1","url":"https:\/\/i2.wp.com\/www.bettinakletzsch.de\/wordpress\/wp-content\/uploads\/2020\/04\/Konfektionshaus_Regenbogen_reduziert_gedreht-1.jpg?fit=827%2C827&ssl=1","contentUrl":"https:\/\/i2.wp.com\/www.bettinakletzsch.de\/wordpress\/wp-content\/uploads\/2020\/04\/Konfektionshaus_Regenbogen_reduziert_gedreht-1.jpg?fit=827%2C827&ssl=1","width":827,"height":827,"caption":"Bettina Kletzsch"},"logo":{"@id":"https:\/\/i2.wp.com\/www.bettinakletzsch.de\/wordpress\/wp-content\/uploads\/2020\/04\/Konfektionshaus_Regenbogen_reduziert_gedreht-1.jpg?fit=827%2C827&ssl=1"}}]}},"jetpack_featured_media_url":"https:\/\/i0.wp.com\/www.bettinakletzsch.de\/wordpress\/wp-content\/uploads\/2021\/02\/200911_bischofswerda_wochenmarkt_DSC4255_konrad-behr.jpg?fit=1114%2C1669&ssl=1","jetpack_sharing_enabled":true,"_links":{"self":[{"href":"https:\/\/www.bettinakletzsch.de\/en\/wp-json\/wp\/v2\/posts\/2596","targetHints":{"allow":["GET"]}}],"collection":[{"href":"https:\/\/www.bettinakletzsch.de\/en\/wp-json\/wp\/v2\/posts"}],"about":[{"href":"https:\/\/www.bettinakletzsch.de\/en\/wp-json\/wp\/v2\/types\/post"}],"author":[{"embeddable":true,"href":"https:\/\/www.bettinakletzsch.de\/en\/wp-json\/wp\/v2\/users\/3"}],"replies":[{"embeddable":true,"href":"https:\/\/www.bettinakletzsch.de\/en\/wp-json\/wp\/v2\/comments?post=2596"}],"version-history":[{"count":10,"href":"https:\/\/www.bettinakletzsch.de\/en\/wp-json\/wp\/v2\/posts\/2596\/revisions"}],"predecessor-version":[{"id":2917,"href":"https:\/\/www.bettinakletzsch.de\/en\/wp-json\/wp\/v2\/posts\/2596\/revisions\/2917"}],"wp:featuredmedia":[{"embeddable":true,"href":"https:\/\/www.bettinakletzsch.de\/en\/wp-json\/wp\/v2\/media\/2597"}],"wp:attachment":[{"href":"https:\/\/www.bettinakletzsch.de\/en\/wp-json\/wp\/v2\/media?parent=2596"}],"wp:term":[{"taxonomy":"category","embeddable":true,"href":"https:\/\/www.bettinakletzsch.de\/en\/wp-json\/wp\/v2\/categories?post=2596"},{"taxonomy":"post_tag","embeddable":true,"href":"https:\/\/www.bettinakletzsch.de\/en\/wp-json\/wp\/v2\/tags?post=2596"}],"curies":[{"name":"wp","href":"https:\/\/api.w.org\/{rel}","templated":true}]}}